{"id":110718,"date":"2024-03-08T20:24:37","date_gmt":"2024-03-08T23:24:37","guid":{"rendered":"https:\/\/cdnoticias.com\/?p=110718"},"modified":"2024-03-09T11:00:32","modified_gmt":"2024-03-09T14:00:32","slug":"8m-un-ano-mas-las-mujeres-y-disidencias-se-movilizaron-por-las-calles-de-olavarria","status":"publish","type":"post","link":"https:\/\/cdnoticias.com\/index.php\/2024\/03\/08\/8m-un-ano-mas-las-mujeres-y-disidencias-se-movilizaron-por-las-calles-de-olavarria\/","title":{"rendered":"8M: Un a\u00f1o m\u00e1s, las mujeres y disidencias se movilizaron por las calles de Olavarr\u00eda"},"content":{"rendered":"\n<p>Hubo una importante convocatoria en el marco del #8M. Encuentro en el parque, feria, festival y lectura del documento.<\/p>\n\n\n\n<hr class=\"wp-block-separator aligncenter has-alpha-channel-opacity\"\/>\n\n\n\n<p>Este viernes por la tarde y<strong> en el marco del 8M, una importante convocatoria se moviliz\u00f3 por las calles de la ciudad bajo el lema \u201cSaquen la motosierra de nuestros derechos\u201d en contra de la gesti\u00f3n Milei.<\/strong><\/p>\n\n\n\n<p>Mujeres autoconvocadas, disidencias, artistas y p\u00fablico en general se concentraron en dos puntos: Belgrano y Brown y Necochea y Brown, donde hubo<strong> feria, la participaci\u00f3n de artistas y diversas consignas, entre las que se destac\u00f3 el pedido de ni una menos as\u00ed como tambi\u00e9n el cese del ajuste por parte de Javier Milei.<\/strong><\/p>\n\n\n\n<figure class=\"wp-block-image size-large\"><img data-recalc-dims=\"1\" loading=\"lazy\" decoding=\"async\" width=\"800\" height=\"450\" src=\"https:\/\/i0.wp.com\/cdnoticias.com\/wp-content\/uploads\/2024\/03\/8m-2024-olavarria6.jpg?resize=800%2C450&#038;ssl=1\" alt=\"\" class=\"wp-image-110724\" srcset=\"https:\/\/i0.wp.com\/cdnoticias.com\/wp-content\/uploads\/2024\/03\/8m-2024-olavarria6.jpg?resize=1024%2C576&amp;ssl=1 1024w, https:\/\/i0.wp.com\/cdnoticias.com\/wp-content\/uploads\/2024\/03\/8m-2024-olavarria6.jpg?resize=300%2C169&amp;ssl=1 300w, https:\/\/i0.wp.com\/cdnoticias.com\/wp-content\/uploads\/2024\/03\/8m-2024-olavarria6.jpg?resize=768%2C432&amp;ssl=1 768w, https:\/\/i0.wp.com\/cdnoticias.com\/wp-content\/uploads\/2024\/03\/8m-2024-olavarria6.jpg?resize=1536%2C864&amp;ssl=1 1536w, https:\/\/i0.wp.com\/cdnoticias.com\/wp-content\/uploads\/2024\/03\/8m-2024-olavarria6.jpg?w=1599&amp;ssl=1 1599w\" sizes=\"auto, (max-width: 800px) 100vw, 800px\" \/><\/figure>\n\n\n\n<figure class=\"wp-block-image size-large\"><img data-recalc-dims=\"1\" loading=\"lazy\" decoding=\"async\" width=\"800\" height=\"450\" src=\"https:\/\/i0.wp.com\/cdnoticias.com\/wp-content\/uploads\/2024\/03\/8m-2024-olavarria7.jpg?resize=800%2C450&#038;ssl=1\" alt=\"\" class=\"wp-image-110725\" srcset=\"https:\/\/i0.wp.com\/cdnoticias.com\/wp-content\/uploads\/2024\/03\/8m-2024-olavarria7.jpg?resize=1024%2C576&amp;ssl=1 1024w, https:\/\/i0.wp.com\/cdnoticias.com\/wp-content\/uploads\/2024\/03\/8m-2024-olavarria7.jpg?resize=300%2C169&amp;ssl=1 300w, https:\/\/i0.wp.com\/cdnoticias.com\/wp-content\/uploads\/2024\/03\/8m-2024-olavarria7.jpg?resize=768%2C432&amp;ssl=1 768w, https:\/\/i0.wp.com\/cdnoticias.com\/wp-content\/uploads\/2024\/03\/8m-2024-olavarria7.jpg?resize=1536%2C864&amp;ssl=1 1536w, https:\/\/i0.wp.com\/cdnoticias.com\/wp-content\/uploads\/2024\/03\/8m-2024-olavarria7.jpg?w=1599&amp;ssl=1 1599w\" sizes=\"auto, (max-width: 800px) 100vw, 800px\" \/><\/figure>\n\n\n\n<p>Finalmente, las convocatorias se unificaron y, con cierta distancia, <strong>marcharon por diversas calles de la ciudad, con el paso tradicional por el Paseo Jes\u00fas Mend\u00eda y la Comisar\u00eda de la Mujer. <\/strong>Si bien hubo reclamos a la gesti\u00f3n municipal, el gobierno nacional se llev\u00f3 la mayor\u00eda de los reclamos y los cantos en contra:<strong><em> \u201cMilei, basura, vos sos la dictadura\u201d<\/em><\/strong> se oy\u00f3 en las columnas de mujeres y disidencias que participaron de la marcha.<\/p>\n\n\n\n<figure class=\"wp-block-image size-large\"><img data-recalc-dims=\"1\" loading=\"lazy\" decoding=\"async\" width=\"800\" height=\"445\" src=\"https:\/\/i0.wp.com\/cdnoticias.com\/wp-content\/uploads\/2024\/03\/8m-2024-olavarria2.jpg?resize=800%2C445&#038;ssl=1\" alt=\"\" class=\"wp-image-110720\" srcset=\"https:\/\/i0.wp.com\/cdnoticias.com\/wp-content\/uploads\/2024\/03\/8m-2024-olavarria2.jpg?resize=1024%2C570&amp;ssl=1 1024w, https:\/\/i0.wp.com\/cdnoticias.com\/wp-content\/uploads\/2024\/03\/8m-2024-olavarria2.jpg?resize=300%2C167&amp;ssl=1 300w, https:\/\/i0.wp.com\/cdnoticias.com\/wp-content\/uploads\/2024\/03\/8m-2024-olavarria2.jpg?resize=768%2C428&amp;ssl=1 768w, https:\/\/i0.wp.com\/cdnoticias.com\/wp-content\/uploads\/2024\/03\/8m-2024-olavarria2.jpg?resize=800%2C445&amp;ssl=1 800w, https:\/\/i0.wp.com\/cdnoticias.com\/wp-content\/uploads\/2024\/03\/8m-2024-olavarria2.jpg?w=1038&amp;ssl=1 1038w\" sizes=\"auto, (max-width: 800px) 100vw, 800px\" \/><\/figure>\n\n\n\n<p>Desde la A<strong>samblea Feminista y Disidente se ley\u00f3 el tradicional documento<\/strong> en el que resaltaron que <em>\u201ca casi tres meses de la asunci\u00f3n de un nuevo gobierno nacional de caracter\u00edsticas fascistas nos toca salir a las calles para exigir y luchar por la defensa de nuestros derechos. El gobierno de Javier Milei y Victoria Villaruel han levantado un plan de guerra contra las masas\u201d.<\/em><\/p>\n\n\n\n<p>Indicaron que <em><strong>\u201cel ajuste feroz a cuenta del FMI, de patronales del campo, alimenticias, banqueros y especuladores inmobiliarios, golpea a todo el pueblo llevando la cifra de pobreza nacional al 60%. \u00a1Pobreza que sabemos golpea a\u00fan m\u00e1s fuerte a mujeres, disidencias y ni\u00f1eces!\u201d.<\/strong><\/em><\/p>\n\n\n\n<figure class=\"wp-block-image size-large\"><img data-recalc-dims=\"1\" loading=\"lazy\" decoding=\"async\" width=\"800\" height=\"445\" src=\"https:\/\/i0.wp.com\/cdnoticias.com\/wp-content\/uploads\/2024\/03\/8m-2024-olavarria3.jpg?resize=800%2C445&#038;ssl=1\" alt=\"\" class=\"wp-image-110721\" srcset=\"https:\/\/i0.wp.com\/cdnoticias.com\/wp-content\/uploads\/2024\/03\/8m-2024-olavarria3.jpg?resize=1024%2C569&amp;ssl=1 1024w, https:\/\/i0.wp.com\/cdnoticias.com\/wp-content\/uploads\/2024\/03\/8m-2024-olavarria3.jpg?resize=300%2C167&amp;ssl=1 300w, https:\/\/i0.wp.com\/cdnoticias.com\/wp-content\/uploads\/2024\/03\/8m-2024-olavarria3.jpg?resize=768%2C427&amp;ssl=1 768w, https:\/\/i0.wp.com\/cdnoticias.com\/wp-content\/uploads\/2024\/03\/8m-2024-olavarria3.jpg?resize=800%2C445&amp;ssl=1 800w, https:\/\/i0.wp.com\/cdnoticias.com\/wp-content\/uploads\/2024\/03\/8m-2024-olavarria3.jpg?w=1153&amp;ssl=1 1153w\" sizes=\"auto, (max-width: 800px) 100vw, 800px\" \/><\/figure>\n\n\n\n<blockquote class=\"wp-block-quote is-layout-flow wp-block-quote-is-layout-flow\">\n<p>Denunciaron que \u201cen los dos primeros meses del a\u00f1o hubo 53 femicidios y transfemicidios. Nos asesinan cada 26 horas. \u00a1Por eso gritamos NI UNA MENOS!<\/p>\n<\/blockquote>\n\n\n\n<p>Entre otras medidas, exigieron al nuevo gobierno municipal <em>\u201cque informe qu\u00e9 l\u00edneas de trabajo se propondr\u00e1n para dar respuesta a la emergencia de g\u00e9nero en nuestra ciudad\u201d.<\/em><\/p>\n\n\n\n<figure class=\"wp-block-image size-large\"><img data-recalc-dims=\"1\" loading=\"lazy\" decoding=\"async\" width=\"800\" height=\"445\" src=\"https:\/\/i0.wp.com\/cdnoticias.com\/wp-content\/uploads\/2024\/03\/8m-2024-olavarria5.jpg?resize=800%2C445&#038;ssl=1\" alt=\"\" class=\"wp-image-110723\" srcset=\"https:\/\/i0.wp.com\/cdnoticias.com\/wp-content\/uploads\/2024\/03\/8m-2024-olavarria5.jpg?resize=1024%2C569&amp;ssl=1 1024w, https:\/\/i0.wp.com\/cdnoticias.com\/wp-content\/uploads\/2024\/03\/8m-2024-olavarria5.jpg?resize=300%2C167&amp;ssl=1 300w, https:\/\/i0.wp.com\/cdnoticias.com\/wp-content\/uploads\/2024\/03\/8m-2024-olavarria5.jpg?resize=768%2C427&amp;ssl=1 768w, https:\/\/i0.wp.com\/cdnoticias.com\/wp-content\/uploads\/2024\/03\/8m-2024-olavarria5.jpg?resize=800%2C445&amp;ssl=1 800w, https:\/\/i0.wp.com\/cdnoticias.com\/wp-content\/uploads\/2024\/03\/8m-2024-olavarria5.jpg?w=1126&amp;ssl=1 1126w\" sizes=\"auto, (max-width: 800px) 100vw, 800px\" \/><\/figure>\n\n\n\n<p>Pidieron sostener <em><strong>\u201cla formaci\u00f3n permanente y en servicio para todes les trabajadores de la educaci\u00f3n en ESI con perspectiva de g\u00e9nero e intercultural\u201d.<\/strong><\/em><\/p>\n\n\n\n<p>Agregaron qu<em><strong>e \u201cla ley de identidad de g\u00e9nero no se toca porque lo que no se nombra no existe y lo que no existe no tiene derechos. No es ideolog\u00eda de g\u00e9nero, son derechos. Por la aplicaci\u00f3n de la Ley Micaela en los tres poderes del Estado\u201d.<\/strong><\/em><\/p>\n\n\n\n<figure class=\"wp-block-image size-full\"><img data-recalc-dims=\"1\" loading=\"lazy\" decoding=\"async\" width=\"800\" height=\"445\" src=\"https:\/\/i0.wp.com\/cdnoticias.com\/wp-content\/uploads\/2024\/03\/8m-2024-olavarria8.jpg?resize=800%2C445&#038;ssl=1\" alt=\"\" class=\"wp-image-110726\" srcset=\"https:\/\/i0.wp.com\/cdnoticias.com\/wp-content\/uploads\/2024\/03\/8m-2024-olavarria8.jpg?w=906&amp;ssl=1 906w, https:\/\/i0.wp.com\/cdnoticias.com\/wp-content\/uploads\/2024\/03\/8m-2024-olavarria8.jpg?resize=300%2C167&amp;ssl=1 300w, https:\/\/i0.wp.com\/cdnoticias.com\/wp-content\/uploads\/2024\/03\/8m-2024-olavarria8.jpg?resize=768%2C427&amp;ssl=1 768w, https:\/\/i0.wp.com\/cdnoticias.com\/wp-content\/uploads\/2024\/03\/8m-2024-olavarria8.jpg?resize=800%2C445&amp;ssl=1 800w\" sizes=\"auto, (max-width: 800px) 100vw, 800px\" \/><\/figure>\n\n\n\n<p>Uno de los puntos en que se hizo m\u00e1s \u00e9nfasis es en respetar la Ley de Interrupci\u00f3n Voluntaria del Embarazo (IVE): <em>\u201cExigimos una l\u00ednea gratuita municipal para denunciar las violencias a las que somos expuestas quienes gestamos, parimos, abortamos y cuidamos nuestra salud sexual\u201d.<\/em><\/p>\n\n\n\n<blockquote class=\"wp-block-quote is-layout-flow wp-block-quote-is-layout-flow\">\n<p>\u201cExigimos al hospital y al equipo de ginecolog\u00eda que garantice abortos sin dilaciones con perspectiva de g\u00e9nero\u201d agregaron.<\/p>\n<\/blockquote>\n\n\n\n<p>En materia de Justicia, pidieron que <em><strong>\u201cla Unidad fiscal especializada en g\u00e9nero funcione como tal \u00a1Que se designe una fiscal a cargo!\u201d y exigieron que no se impulsen Juicios por Jurado en casos de femicidio.<\/strong><\/em><\/p>\n\n\n\n<p><em><strong>\u201cJusticia por Daiana Abreg\u00fa, nadie se suicida en una comisar\u00eda. Justicia por Marcela, justicia por Sof\u00eda! \u00a1Justicia por Sandra y Tito! Justicia para Lujan Riva de Neira y Mar\u00eda Lujan Gonz\u00e1lez. \u00a0Son femicidios\u201d.<\/strong><\/em><\/p>\n","protected":false},"excerpt":{"rendered":"<p>Hubo una importante convocatoria en el marco del #8M. Encuentro en el parque, feria, festival y lectura del documento. Este<\/p>\n","protected":false},"author":2,"featured_media":110719,"comment_status":"closed","ping_status":"closed","sticky":false,"template":"","format":"standard","meta":{"_jetpack_memberships_contains_paid_content":false,"footnotes":""},"categories":[3,1],"tags":[],"class_list":["post-110718","post","type-post","status-publish","format-standard","has-post-thumbnail","hentry","category-genero","category-portada"],"jetpack_featured_media_url":"https:\/\/i0.wp.com\/cdnoticias.com\/wp-content\/uploads\/2024\/03\/8m-2024-olavarria1.jpg?fit=1110%2C618&ssl=1","jetpack_sharing_enabled":true,"_links":{"self":[{"href":"https:\/\/cdnoticias.com\/index.php\/wp-json\/wp\/v2\/posts\/110718","targetHints":{"allow":["GET"]}}],"collection":[{"href":"https:\/\/cdnoticias.com\/index.php\/wp-json\/wp\/v2\/posts"}],"about":[{"href":"https:\/\/cdnoticias.com\/index.php\/wp-json\/wp\/v2\/types\/post"}],"author":[{"embeddable":true,"href":"https:\/\/cdnoticias.com\/index.php\/wp-json\/wp\/v2\/users\/2"}],"replies":[{"embeddable":true,"href":"https:\/\/cdnoticias.com\/index.php\/wp-json\/wp\/v2\/comments?post=110718"}],"version-history":[{"count":0,"href":"https:\/\/cdnoticias.com\/index.php\/wp-json\/wp\/v2\/posts\/110718\/revisions"}],"wp:featuredmedia":[{"embeddable":true,"href":"https:\/\/cdnoticias.com\/index.php\/wp-json\/wp\/v2\/media\/110719"}],"wp:attachment":[{"href":"https:\/\/cdnoticias.com\/index.php\/wp-json\/wp\/v2\/media?parent=110718"}],"wp:term":[{"taxonomy":"category","embeddable":true,"href":"https:\/\/cdnoticias.com\/index.php\/wp-json\/wp\/v2\/categories?post=110718"},{"taxonomy":"post_tag","embeddable":true,"href":"https:\/\/cdnoticias.com\/index.php\/wp-json\/wp\/v2\/tags?post=110718"}],"curies":[{"name":"wp","href":"https:\/\/api.w.org\/{rel}","templated":true}]}}