{"id":11068,"date":"2021-01-10T11:23:24","date_gmt":"2021-01-10T14:23:24","guid":{"rendered":"http:\/\/www.centraldenoticias.com.ar\/?p=11068"},"modified":"2021-01-10T16:03:46","modified_gmt":"2021-01-10T19:03:46","slug":"vacunas-contra-el-covid-simulacro-de-corte-de-energia-en-el-hospital-municipal","status":"publish","type":"post","link":"https:\/\/cdnoticias.com\/index.php\/2021\/01\/10\/vacunas-contra-el-covid-simulacro-de-corte-de-energia-en-el-hospital-municipal\/","title":{"rendered":"Vacunas contra el COVID: Simulacro de corte de energ\u00eda en el Hospital Municipal"},"content":{"rendered":"<p>Se realiz\u00f3 este domingo en el sector d\u00f3nde se almacenar\u00e1n las pr\u00f3ximas vacunas contra el coronavirus. Adem\u00e1s, se inform\u00f3 que est\u00e1 todo preparado para vacunar este lunes al personal de salud del nosocomio.<!--more--><\/p>\n<hr \/>\n<p>En la ma\u00f1ana de este domingo autoridades de la secretar\u00eda de Salud del Gobierno Municipal junto a representantes de Coopelectric realizaron un <strong>simulacro de corte de energ\u00eda en el sector del Hospital Municipal donde se almacenar\u00e1n las vacunas contra el Covid-19.<\/strong><\/p>\n<p>&nbsp;<\/p>\n<p>Participaron el Secretario de Salud Germ\u00e1n Caputo, la Directora del Hospital Silvina Guanuco, la Directora de Epidemiolog\u00eda Mar\u00eda del Carmen Weiss y el Subsecretario de Recursos de la Salud Alexis Armanini.<\/p>\n<p>&nbsp;<\/p>\n<p><img data-recalc-dims=\"1\" loading=\"lazy\" decoding=\"async\" class=\"alignnone size-large wp-image-11072\" src=\"https:\/\/i0.wp.com\/cdnoticias.com\/wp-content\/uploads\/2021\/01\/hospit4.jpg?resize=800%2C600&#038;ssl=1\" alt=\"\" width=\"800\" height=\"600\" srcset=\"https:\/\/i0.wp.com\/cdnoticias.com\/wp-content\/uploads\/2021\/01\/hospit4.jpg?resize=1024%2C768&amp;ssl=1 1024w, https:\/\/i0.wp.com\/cdnoticias.com\/wp-content\/uploads\/2021\/01\/hospit4.jpg?resize=300%2C225&amp;ssl=1 300w, https:\/\/i0.wp.com\/cdnoticias.com\/wp-content\/uploads\/2021\/01\/hospit4.jpg?resize=768%2C576&amp;ssl=1 768w, https:\/\/i0.wp.com\/cdnoticias.com\/wp-content\/uploads\/2021\/01\/hospit4.jpg?w=1200&amp;ssl=1 1200w\" sizes=\"auto, (max-width: 800px) 100vw, 800px\" \/><\/p>\n<p>&nbsp;<\/p>\n<p><em>\u201cEl intendente Ezequiel Galli nos pidi\u00f3 que, para asegurarnos que todo funcione correctamente, hagamos un corte luz en el sector donde se almacenar\u00e1n las vacunas y <strong>pudimos notar que el generador que tiene el Hospital funciona de manera segura<\/strong>\u201d<\/em>, explic\u00f3 Caputo.<\/p>\n<p>&nbsp;<\/p>\n<p>Asimismo, el titular de la cartera sanitaria indic\u00f3 que<em> \u201ctambi\u00e9n corroboramos que <strong>ni bien se cort\u00f3 la luz el sistema de alarma funcion\u00f3 a la perfecci\u00f3n<\/strong> porque autom\u00e1ticamente recibimos el llamado de la empresa que presta el servicio\u201d.<\/em><\/p>\n<p>&nbsp;<\/p>\n<p><img data-recalc-dims=\"1\" loading=\"lazy\" decoding=\"async\" class=\"alignnone size-large wp-image-11069\" src=\"https:\/\/i0.wp.com\/cdnoticias.com\/wp-content\/uploads\/2021\/01\/hospit.jpg?resize=800%2C976&#038;ssl=1\" alt=\"\" width=\"800\" height=\"976\" srcset=\"https:\/\/i0.wp.com\/cdnoticias.com\/wp-content\/uploads\/2021\/01\/hospit.jpg?resize=839%2C1024&amp;ssl=1 839w, https:\/\/i0.wp.com\/cdnoticias.com\/wp-content\/uploads\/2021\/01\/hospit.jpg?resize=246%2C300&amp;ssl=1 246w, https:\/\/i0.wp.com\/cdnoticias.com\/wp-content\/uploads\/2021\/01\/hospit.jpg?resize=768%2C937&amp;ssl=1 768w, https:\/\/i0.wp.com\/cdnoticias.com\/wp-content\/uploads\/2021\/01\/hospit.jpg?w=1200&amp;ssl=1 1200w\" sizes=\"auto, (max-width: 800px) 100vw, 800px\" \/><\/p>\n<p>&nbsp;<\/p>\n<blockquote><p>\u201cEl generador tard\u00f3 menos de cinco minutos en ponerse en funcionamiento y de esta manera sabemos que, en caso de que suceda un corte de energ\u00eda, las vacunas no van a perder la cadena de fr\u00edo\u201d, a\u00f1adi\u00f3 Caputo.<\/p><\/blockquote>\n<p>&nbsp;<\/p>\n<p>Finalmente, el Secretario de Salud dijo que <em>\u201cya tenemos toda la log\u00edstica preparada para<strong> comenzar con la vacunaci\u00f3n en el d\u00eda de ma\u00f1ana (lunes).<\/strong> Contamos con el personal y con la infraestructura necesaria para vacunar a nuestro equipo de salud\u201d.<\/em><\/p>\n<p>&nbsp;<\/p>\n<p>&nbsp;<\/p>\n","protected":false},"excerpt":{"rendered":"<p>Se realiz\u00f3 este domingo en el sector d\u00f3nde se almacenar\u00e1n las pr\u00f3ximas vacunas contra el coronavirus. Adem\u00e1s, se inform\u00f3 que<\/p>\n","protected":false},"author":5,"featured_media":11073,"comment_status":"closed","ping_status":"closed","sticky":false,"template":"","format":"standard","meta":{"_jetpack_memberships_contains_paid_content":false,"footnotes":""},"categories":[5,1],"tags":[],"class_list":["post-11068","post","type-post","status-publish","format-standard","has-post-thumbnail","hentry","category-informacion-general","category-portada"],"jetpack_featured_media_url":"https:\/\/i0.wp.com\/cdnoticias.com\/wp-content\/uploads\/2021\/01\/hospital.jpg?fit=1200%2C900&ssl=1","jetpack_sharing_enabled":true,"_links":{"self":[{"href":"https:\/\/cdnoticias.com\/index.php\/wp-json\/wp\/v2\/posts\/11068","targetHints":{"allow":["GET"]}}],"collection":[{"href":"https:\/\/cdnoticias.com\/index.php\/wp-json\/wp\/v2\/posts"}],"about":[{"href":"https:\/\/cdnoticias.com\/index.php\/wp-json\/wp\/v2\/types\/post"}],"author":[{"embeddable":true,"href":"https:\/\/cdnoticias.com\/index.php\/wp-json\/wp\/v2\/users\/5"}],"replies":[{"embeddable":true,"href":"https:\/\/cdnoticias.com\/index.php\/wp-json\/wp\/v2\/comments?post=11068"}],"version-history":[{"count":0,"href":"https:\/\/cdnoticias.com\/index.php\/wp-json\/wp\/v2\/posts\/11068\/revisions"}],"wp:featuredmedia":[{"embeddable":true,"href":"https:\/\/cdnoticias.com\/index.php\/wp-json\/wp\/v2\/media\/11073"}],"wp:attachment":[{"href":"https:\/\/cdnoticias.com\/index.php\/wp-json\/wp\/v2\/media?parent=11068"}],"wp:term":[{"taxonomy":"category","embeddable":true,"href":"https:\/\/cdnoticias.com\/index.php\/wp-json\/wp\/v2\/categories?post=11068"},{"taxonomy":"post_tag","embeddable":true,"href":"https:\/\/cdnoticias.com\/index.php\/wp-json\/wp\/v2\/tags?post=11068"}],"curies":[{"name":"wp","href":"https:\/\/api.w.org\/{rel}","templated":true}]}}