{"id":110671,"date":"2024-03-08T11:06:25","date_gmt":"2024-03-08T14:06:25","guid":{"rendered":"https:\/\/cdnoticias.com\/?p=110671"},"modified":"2024-03-08T12:38:00","modified_gmt":"2024-03-08T15:38:00","slug":"ucr-en-el-8m-decidimos-caminar-sin-dar-un-paso-atras","status":"publish","type":"post","link":"https:\/\/cdnoticias.com\/index.php\/2024\/03\/08\/ucr-en-el-8m-decidimos-caminar-sin-dar-un-paso-atras\/","title":{"rendered":"UCR en el 8M: \u201cDecidimos caminar sin dar un paso atr\u00e1s\u201d"},"content":{"rendered":"<p>El Grupo de Mujeres Radicales de Olavarr\u00eda emiti\u00f3 un comunicado en el que pusieron de relevancia la diversidad, el rol de la pol\u00edtica, la lucha sostenida y la paz.<\/p>\n<p><!--more--><\/p>\n<hr \/>\n<p>A trav\u00e9s de<strong> comunicado<\/strong>, la <strong>UCR<\/strong> y el <strong>Grupo de Mujeres Radicales de Olavarr\u00eda<\/strong> destacaron la jornada del <strong>D\u00eda Internacional de la Mujer<\/strong>.<\/p>\n<p>El comunicado completo:<\/p>\n<p><em>Somos mujeres. En plural. Diversas. No somos todas iguales. En eso reside nuestra riqueza. Tenemos distintas ideas y visiones del mundo. Nuestras historias de vida son distintas. Nuestras formas de hacer son variadas. Nuestros sue\u00f1os son distintos. Cada una de nosotras tiene sus proyectos, aspiraciones y pasiones.<\/em><\/p>\n<p><em>Somos mujeres y tenemos algo en com\u00fan. Somos mujeres radicales. Tenemos vocaci\u00f3n de servicio. Creemos en la pol\u00edtica como lugar de encuentro, de ideas y acci\u00f3n. Transformamos realidades. Podemos construir comunidades m\u00e1s sostenibles. Nos inspira imaginar un mundo sin violencias.<\/em><\/p>\n<p><em>Hoy como ayer y siempre que el poder amenace con destruir, no dejaremos declinar nuestra lucha.<\/em><\/p>\n<p><em>Nosotras las mujeres radicales, en paz. Decidimos caminar sin dar un paso atr\u00e1s.<\/em><\/p>\n","protected":false},"excerpt":{"rendered":"<p>El Grupo de Mujeres Radicales de Olavarr\u00eda emiti\u00f3 un comunicado en el que pusieron de relevancia la diversidad, el rol<\/p>\n","protected":false},"author":4,"featured_media":110673,"comment_status":"closed","ping_status":"closed","sticky":false,"template":"","format":"standard","meta":{"_jetpack_memberships_contains_paid_content":false,"footnotes":""},"categories":[4],"tags":[],"class_list":["post-110671","post","type-post","status-publish","format-standard","has-post-thumbnail","hentry","category-politica"],"jetpack_featured_media_url":"https:\/\/i0.wp.com\/cdnoticias.com\/wp-content\/uploads\/2024\/03\/mujeres-radicales-UCR.jpg?fit=800%2C445&ssl=1","jetpack_sharing_enabled":true,"_links":{"self":[{"href":"https:\/\/cdnoticias.com\/index.php\/wp-json\/wp\/v2\/posts\/110671","targetHints":{"allow":["GET"]}}],"collection":[{"href":"https:\/\/cdnoticias.com\/index.php\/wp-json\/wp\/v2\/posts"}],"about":[{"href":"https:\/\/cdnoticias.com\/index.php\/wp-json\/wp\/v2\/types\/post"}],"author":[{"embeddable":true,"href":"https:\/\/cdnoticias.com\/index.php\/wp-json\/wp\/v2\/users\/4"}],"replies":[{"embeddable":true,"href":"https:\/\/cdnoticias.com\/index.php\/wp-json\/wp\/v2\/comments?post=110671"}],"version-history":[{"count":0,"href":"https:\/\/cdnoticias.com\/index.php\/wp-json\/wp\/v2\/posts\/110671\/revisions"}],"wp:featuredmedia":[{"embeddable":true,"href":"https:\/\/cdnoticias.com\/index.php\/wp-json\/wp\/v2\/media\/110673"}],"wp:attachment":[{"href":"https:\/\/cdnoticias.com\/index.php\/wp-json\/wp\/v2\/media?parent=110671"}],"wp:term":[{"taxonomy":"category","embeddable":true,"href":"https:\/\/cdnoticias.com\/index.php\/wp-json\/wp\/v2\/categories?post=110671"},{"taxonomy":"post_tag","embeddable":true,"href":"https:\/\/cdnoticias.com\/index.php\/wp-json\/wp\/v2\/tags?post=110671"}],"curies":[{"name":"wp","href":"https:\/\/api.w.org\/{rel}","templated":true}]}}