{"id":110668,"date":"2024-03-08T10:51:07","date_gmt":"2024-03-08T13:51:07","guid":{"rendered":"https:\/\/cdnoticias.com\/?p=110668"},"modified":"2024-03-08T12:39:06","modified_gmt":"2024-03-08T15:39:06","slug":"circulaba-en-una-moto-robada-y-fue-aprehendido-2","status":"publish","type":"post","link":"https:\/\/cdnoticias.com\/index.php\/2024\/03\/08\/circulaba-en-una-moto-robada-y-fue-aprehendido-2\/","title":{"rendered":"Circulaba en una moto robada y fue aprehendido"},"content":{"rendered":"<p>Se trata de un joven de 27 a\u00f1os que se movilizaba en una moto Gilera 110cc.<!--more--><\/p>\n<hr \/>\n<p>Un joven de 27 a\u00f1os fue aprehendido por personal de Polic\u00eda Local cuando se trasladaba en una moto que ten\u00eda un<strong> \u201cpedido de secuestro activo\u201d<\/strong> en una causa por \u201churto\u201d.<\/p>\n<blockquote><p>El hombre iba a bordo de una Gilera 110cc y fue interceptado en avenida Del Valle y Espa\u00f1a.<\/p><\/blockquote>\n<p>La moto fue secuestrada y trasladada a la comisar\u00eda Primera. El joven fue acusado de <strong>\u201cencubrimiento\u201d<\/strong> e interviene la Ayudant\u00eda Fiscal de Autores Ignorados.<\/p>\n","protected":false},"excerpt":{"rendered":"<p>Se trata de un joven de 27 a\u00f1os que se movilizaba en una moto Gilera 110cc.<\/p>\n","protected":false},"author":2,"featured_media":110669,"comment_status":"closed","ping_status":"closed","sticky":false,"template":"","format":"standard","meta":{"_jetpack_memberships_contains_paid_content":false,"footnotes":""},"categories":[14],"tags":[],"class_list":["post-110668","post","type-post","status-publish","format-standard","has-post-thumbnail","hentry","category-policiales"],"jetpack_featured_media_url":"https:\/\/i0.wp.com\/cdnoticias.com\/wp-content\/uploads\/2024\/03\/gilera-moto-secuestro.jpg?fit=800%2C445&ssl=1","jetpack_sharing_enabled":true,"_links":{"self":[{"href":"https:\/\/cdnoticias.com\/index.php\/wp-json\/wp\/v2\/posts\/110668","targetHints":{"allow":["GET"]}}],"collection":[{"href":"https:\/\/cdnoticias.com\/index.php\/wp-json\/wp\/v2\/posts"}],"about":[{"href":"https:\/\/cdnoticias.com\/index.php\/wp-json\/wp\/v2\/types\/post"}],"author":[{"embeddable":true,"href":"https:\/\/cdnoticias.com\/index.php\/wp-json\/wp\/v2\/users\/2"}],"replies":[{"embeddable":true,"href":"https:\/\/cdnoticias.com\/index.php\/wp-json\/wp\/v2\/comments?post=110668"}],"version-history":[{"count":0,"href":"https:\/\/cdnoticias.com\/index.php\/wp-json\/wp\/v2\/posts\/110668\/revisions"}],"wp:featuredmedia":[{"embeddable":true,"href":"https:\/\/cdnoticias.com\/index.php\/wp-json\/wp\/v2\/media\/110669"}],"wp:attachment":[{"href":"https:\/\/cdnoticias.com\/index.php\/wp-json\/wp\/v2\/media?parent=110668"}],"wp:term":[{"taxonomy":"category","embeddable":true,"href":"https:\/\/cdnoticias.com\/index.php\/wp-json\/wp\/v2\/categories?post=110668"},{"taxonomy":"post_tag","embeddable":true,"href":"https:\/\/cdnoticias.com\/index.php\/wp-json\/wp\/v2\/tags?post=110668"}],"curies":[{"name":"wp","href":"https:\/\/api.w.org\/{rel}","templated":true}]}}