{"id":11065,"date":"2021-01-10T11:00:46","date_gmt":"2021-01-10T14:00:46","guid":{"rendered":"http:\/\/www.centraldenoticias.com.ar\/?p=11065"},"modified":"2021-01-10T11:00:46","modified_gmt":"2021-01-10T14:00:46","slug":"historica-primera-marcha-del-orgullo-en-azul","status":"publish","type":"post","link":"https:\/\/cdnoticias.com\/index.php\/2021\/01\/10\/historica-primera-marcha-del-orgullo-en-azul\/","title":{"rendered":"Hist\u00f3rica primera Marcha del Orgullo en Azul"},"content":{"rendered":"<p>Este s\u00e1bado se concret\u00f3 en la vecina localidad la primera Marcha del Orgullo. Hubo feria, m\u00fasica, presentaciones y consignas. Tambi\u00e9n participaron artistas de Olavarr\u00eda.<!--more--><\/p>\n<hr \/>\n<p>Durante la tarde del s\u00e1bado se llev\u00f3 a cabo en Azul, la primera <strong>Marcha del Orgullo.<\/strong> El punto de encuentro fue la Plaza San Mart\u00edn donde luego de marchar por las calles c\u00e9ntricas, <strong>cientos de personas se reunieron para ser parte del evento.<\/strong><\/p>\n<p>&nbsp;<\/p>\n<p>Hubo una feria con diferentes emprendimientos y tocaron los grupos <strong>Fifi Tango, Putite de Mama, Son pololos y Chocolate Remix.<\/strong> Adem\u00e1s, se presentaron artistas del grupo <strong>Visibilidad Drag Olavarr\u00eda.<\/strong><\/p>\n<p>&nbsp;<\/p>\n<p>La marcha tuvo tres reclamos puntuales:<strong> \u201cBasta de fobia LGTTTBIQNBP+&#8221;, &#8220;Reconocimiento de nuestros placeres, deseos y experiencias de vida&#8221; y &#8220;Cupo Laboral Trans Ya!\u201d.<\/strong><\/p>\n<p>&nbsp;<\/p>\n<p>Por otra parte, una de las sorpresas fue la presencia de Estanislao Fern\u00e1ndez, el hijo del presidente Alberto Fern\u00e1ndez. <strong><em>Dyhzy<\/em> se encontraba en la ciudad y se sum\u00f3 al evento.<\/strong><\/p>\n<p>&nbsp;<\/p>\n<p>Imagen: Radio Azul<\/p>\n","protected":false},"excerpt":{"rendered":"<p>Este s\u00e1bado se concret\u00f3 en la vecina localidad la primera Marcha del Orgullo. Hubo feria, m\u00fasica, presentaciones y consignas. Tambi\u00e9n<\/p>\n","protected":false},"author":5,"featured_media":11066,"comment_status":"closed","ping_status":"closed","sticky":false,"template":"","format":"standard","meta":{"_jetpack_memberships_contains_paid_content":false,"footnotes":""},"categories":[3,1],"tags":[],"class_list":["post-11065","post","type-post","status-publish","format-standard","has-post-thumbnail","hentry","category-genero","category-portada"],"jetpack_featured_media_url":"https:\/\/i0.wp.com\/cdnoticias.com\/wp-content\/uploads\/2021\/01\/marcha-orgullo-azul.jpg?fit=1728%2C1296&ssl=1","jetpack_sharing_enabled":true,"_links":{"self":[{"href":"https:\/\/cdnoticias.com\/index.php\/wp-json\/wp\/v2\/posts\/11065","targetHints":{"allow":["GET"]}}],"collection":[{"href":"https:\/\/cdnoticias.com\/index.php\/wp-json\/wp\/v2\/posts"}],"about":[{"href":"https:\/\/cdnoticias.com\/index.php\/wp-json\/wp\/v2\/types\/post"}],"author":[{"embeddable":true,"href":"https:\/\/cdnoticias.com\/index.php\/wp-json\/wp\/v2\/users\/5"}],"replies":[{"embeddable":true,"href":"https:\/\/cdnoticias.com\/index.php\/wp-json\/wp\/v2\/comments?post=11065"}],"version-history":[{"count":0,"href":"https:\/\/cdnoticias.com\/index.php\/wp-json\/wp\/v2\/posts\/11065\/revisions"}],"wp:featuredmedia":[{"embeddable":true,"href":"https:\/\/cdnoticias.com\/index.php\/wp-json\/wp\/v2\/media\/11066"}],"wp:attachment":[{"href":"https:\/\/cdnoticias.com\/index.php\/wp-json\/wp\/v2\/media?parent=11065"}],"wp:term":[{"taxonomy":"category","embeddable":true,"href":"https:\/\/cdnoticias.com\/index.php\/wp-json\/wp\/v2\/categories?post=11065"},{"taxonomy":"post_tag","embeddable":true,"href":"https:\/\/cdnoticias.com\/index.php\/wp-json\/wp\/v2\/tags?post=11065"}],"curies":[{"name":"wp","href":"https:\/\/api.w.org\/{rel}","templated":true}]}}