{"id":110628,"date":"2024-03-08T08:00:30","date_gmt":"2024-03-08T11:00:30","guid":{"rendered":"https:\/\/cdnoticias.com\/?p=110628"},"modified":"2024-03-08T09:20:41","modified_gmt":"2024-03-08T12:20:41","slug":"lo-que-hace-la-justicia-es-insuficiente-si-toda-la-sociedad-no-se-compromete-en-la-misma-lucha","status":"publish","type":"post","link":"https:\/\/cdnoticias.com\/index.php\/2024\/03\/08\/lo-que-hace-la-justicia-es-insuficiente-si-toda-la-sociedad-no-se-compromete-en-la-misma-lucha\/","title":{"rendered":"\u201cLo que hace la justicia es insuficiente si toda la sociedad no se compromete en la misma lucha\u201d"},"content":{"rendered":"\n<p>La Dra. Silvia Monserrat, titular del Juzgado de Familia N\u00b0 1 de Tandil reflexion\u00f3 sobre un nuevo 8 de marzo y sostuvo que \u201cm\u00e1s del 70% de las denuncias son por violencia de g\u00e9nero\u201d.<\/p>\n\n\n\n<hr class=\"wp-block-separator aligncenter has-alpha-channel-opacity\"\/>\n\n\n\n<p>La <strong>Dra. Silvia Monserrat<\/strong> es <strong>titular del Juzgado de Familia N\u00b0 1 de Tandil<\/strong> y <strong>actual presidenta del FOJUFAM<\/strong> (Foro de la Justicia de Familia de la provincia de Buenos Aires).<\/p>\n\n\n\n<p><\/p>\n\n\n\n<p>En relaci\u00f3n a un nuevo 8M, reflexion\u00f3 acerca de la <strong>brecha de g\u00e9nero y la equidad <\/strong>como asignatura pendiente para erradicar los problemas e injusticias a las que se siguen enfrentando las mujeres.<\/p>\n\n\n\n<p><\/p>\n\n\n\n<p><strong><em>\u201cEl D\u00eda Internacional de la Mujer se ha instituido para tomar conciencia sobre la necesidad de generar estrategias que nos permitan lograr la equidad de g\u00e9nero, equidad que no se ha alcanzado en ninguno de los pa\u00edses que son monitoreados al respecto\u201d<\/em><\/strong>, sostuvo la magistrada.<\/p>\n\n\n\n<p><\/p>\n\n\n\n<blockquote class=\"wp-block-quote is-layout-flow wp-block-quote-is-layout-flow\">\n<p>A su vez, remarc\u00f3 la necesidad de forma prioritaria en cuanto a erradicar la violencia de g\u00e9nero: \u201cEn los Juzgados de Familia que integran el Poder Judicial de la provincia de Buenos Aires, entre el 50 y el 70% de las causas totales que ingresan tienen su origen en una denuncia de violencia dom\u00e9stica\u201d.<\/p>\n<\/blockquote>\n\n\n\n<p><\/p>\n\n\n\n<p>\u201cDe aquellas denuncias recibidas, <strong>m\u00e1s del 70% son por violencia de g\u00e9nero. <\/strong>La erradicaci\u00f3n de la violencia de g\u00e9nero es una obligaci\u00f3n asumida por la Rep\u00fablica Argentina y el Poder Judicial en su totalidad -no solo el Fuero de Familia- debe disponer medidas para tutelar a las v\u00edctimas, cada juzgado seg\u00fan su competencia\u201d agreg\u00f3.<\/p>\n\n\n\n<p><\/p>\n\n\n\n<p>Monserrat explic\u00f3 c\u00f3mo es el abordaje de la justicia en cada caso de violencia que se recibe: \u201c<strong><em>En 10 a\u00f1os, desde 2012 a 2022, las causas de violencia en el Fuero han crecido de manera exponencial: de 65000 a m\u00e1s de 160000 en toda la Provincia\u201d.<\/em><\/strong><\/p>\n\n\n\n<p><\/p>\n\n\n\n<blockquote class=\"wp-block-quote is-layout-flow wp-block-quote-is-layout-flow\">\n<p>En tanto, agreg\u00f3 que \u201csobre las causas de violencia se trabaja en la urgencia diaria, en los turnos rotativos y en forma interdisciplinaria. Pero tambi\u00e9n en forma interinstitucional porque se trata de pol\u00edticas p\u00fablicas en las que no alcanza con la tutela judicial, sino que es necesario la coparticipaci\u00f3n de otros organismos estatales\u201d.<\/p>\n<\/blockquote>\n\n\n\n<p><\/p>\n\n\n\n<p>\u201cQuienes integramos el Fuero, con total dedicaci\u00f3n y voluntad de servicio, sabemos que lo que hacemos, aun cuando lo hagamos en los l\u00edmites de la ley, es <strong>insuficiente si la sociedad en su conjunto no se compromete en la misma lucha<\/strong>\u201d remarc\u00f3 Monserrat.<\/p>\n\n\n\n<p><\/p>\n\n\n\n<p>Por \u00faltimo, reflexion\u00f3 sobre el <strong>D\u00eda Internacional de Mujeres y Disidencias<\/strong>: \u201c<em>El 8 de Marzo es un d\u00eda para conmemorar a las mujeres que hicieron historia en esa lucha y a las miles de an\u00f3nimas que estudian, trabajan, se esfuerzan -muchas veces en soledad- atienden a su familia y no pierden la esperanza de que alg\u00fan d\u00eda el objetivo se haya alcanzado\u201d.<\/em><\/p>\n\n\n\n<p><\/p>\n\n\n\n<p><strong>Sobre el Foro<\/strong><\/p>\n\n\n\n<p>El <strong>Foro de la Justicia de Familia<\/strong> de la provincia de Buenos Aires <strong>nuclea a m\u00e1s de 100 jueces y juezas de todo el territorio bonaerense.<\/strong><\/p>\n\n\n\n<p><\/p>\n\n\n\n<p>Desde sus inicios gener\u00f3 una amplia convocatoria en sus encuentros, logrando el reconocimiento de los colegas y plasmando la necesidad de que el Fuero obtuviera una representaci\u00f3n real y activa frente Poder Judicial y al resto de los poderes republicanos.<\/p>\n\n\n\n<p><\/p>\n\n\n\n<p>Tambi\u00e9n se constituy\u00f3 como un <strong>nexo de comunicaci\u00f3n entre el sistema judicial del Fuero de Familia y la sociedad,<\/strong> lo cual condujo a la necesidad de asumirse como organizaci\u00f3n jur\u00eddica.<\/p>\n\n\n\n<p><\/p>\n\n\n\n<p>La evoluci\u00f3n del FOJUFAM y el crecimiento en la participaci\u00f3n de quienes conforman los juzgados de Familia revelaron una de sus premisas fundamentales: la <strong>necesidad de una mayor inclusi\u00f3n<\/strong>, es decir, no solo un mayor n\u00famero de jueces y juezas, sino tambi\u00e9n de funcionarios, peritos, agentes administrativos y todos quienes trabajan diariamente en la competencia asignada a esas organizaciones jurisdiccionales.<\/p>\n\n\n\n<p><\/p>\n\n\n\n<p>El Foro tambi\u00e9n ha reclamado de manera insistente por la creaci\u00f3n de nuevos organismos, la participaci\u00f3n en el mapa judicial, una mejor articulaci\u00f3n con el Fuero Penal y la dotaci\u00f3n de custodia policial a los juzgados de Familia para poder garantizar la seguridad de las v\u00edctimas, del personal, de funcionarios y magistrados dentro de las dependencias.<\/p>\n\n\n\n<p><\/p>\n","protected":false},"excerpt":{"rendered":"<p>La Dra. Silvia Monserrat, titular del Juzgado de Familia N\u00b0 1 de Tandil reflexion\u00f3 sobre un nuevo 8 de marzo<\/p>\n","protected":false},"author":6,"featured_media":110632,"comment_status":"closed","ping_status":"closed","sticky":false,"template":"","format":"standard","meta":{"_jetpack_memberships_contains_paid_content":false,"footnotes":""},"categories":[3,1],"tags":[],"class_list":["post-110628","post","type-post","status-publish","format-standard","has-post-thumbnail","hentry","category-genero","category-portada"],"jetpack_featured_media_url":"https:\/\/i0.wp.com\/cdnoticias.com\/wp-content\/uploads\/2024\/03\/monserrat-tandil.png?fit=846%2C519&ssl=1","jetpack_sharing_enabled":true,"_links":{"self":[{"href":"https:\/\/cdnoticias.com\/index.php\/wp-json\/wp\/v2\/posts\/110628","targetHints":{"allow":["GET"]}}],"collection":[{"href":"https:\/\/cdnoticias.com\/index.php\/wp-json\/wp\/v2\/posts"}],"about":[{"href":"https:\/\/cdnoticias.com\/index.php\/wp-json\/wp\/v2\/types\/post"}],"author":[{"embeddable":true,"href":"https:\/\/cdnoticias.com\/index.php\/wp-json\/wp\/v2\/users\/6"}],"replies":[{"embeddable":true,"href":"https:\/\/cdnoticias.com\/index.php\/wp-json\/wp\/v2\/comments?post=110628"}],"version-history":[{"count":0,"href":"https:\/\/cdnoticias.com\/index.php\/wp-json\/wp\/v2\/posts\/110628\/revisions"}],"wp:featuredmedia":[{"embeddable":true,"href":"https:\/\/cdnoticias.com\/index.php\/wp-json\/wp\/v2\/media\/110632"}],"wp:attachment":[{"href":"https:\/\/cdnoticias.com\/index.php\/wp-json\/wp\/v2\/media?parent=110628"}],"wp:term":[{"taxonomy":"category","embeddable":true,"href":"https:\/\/cdnoticias.com\/index.php\/wp-json\/wp\/v2\/categories?post=110628"},{"taxonomy":"post_tag","embeddable":true,"href":"https:\/\/cdnoticias.com\/index.php\/wp-json\/wp\/v2\/tags?post=110628"}],"curies":[{"name":"wp","href":"https:\/\/api.w.org\/{rel}","templated":true}]}}