{"id":110609,"date":"2024-03-08T14:17:41","date_gmt":"2024-03-08T17:17:41","guid":{"rendered":"https:\/\/cdnoticias.com\/?p=110609"},"modified":"2024-03-08T14:17:43","modified_gmt":"2024-03-08T17:17:43","slug":"continuan-las-tareas-de-reparacion-del-techo-de-las-escuela-secundarias-6-y-8","status":"publish","type":"post","link":"https:\/\/cdnoticias.com\/index.php\/2024\/03\/08\/continuan-las-tareas-de-reparacion-del-techo-de-las-escuela-secundarias-6-y-8\/","title":{"rendered":"Contin\u00faan las tareas de reparaci\u00f3n del techo de las Escuela Secundarias 6 y 8"},"content":{"rendered":"\n<p>Los da\u00f1os fueron por los temporales que azotaron la ciudad en diciembre del a\u00f1o pasado.<\/p>\n\n\n\n<hr class=\"wp-block-separator aligncenter has-alpha-channel-opacity\"\/>\n\n\n\n<p>Permanecen en ejecuci\u00f3n las<strong> tareas de reparaci\u00f3n del techo de la Escuela de Educaci\u00f3n Secundaria N\u00b0 6<\/strong> (Ex Nacional) y la <strong>Escuela de Educaci\u00f3n Secundaria 8<\/strong> (Ex Comercial), que resultaron da\u00f1adas por los <strong>temporales <\/strong>que azotaron la ciudad y el Partido a mediados del pasado mes de diciembre.<\/p>\n\n\n\n<p><\/p>\n\n\n\n<p>En una primera parte las labores desplegadas corresponden al cerramiento y divisi\u00f3n del inmueble para separar la parte afectada de la parte se encuentra en funcionamiento.<\/p>\n\n\n\n<p><\/p>\n\n\n\n<p>En ese sentido, se destac\u00f3 que <strong>se encuentra garantizada la continuidad pedag\u00f3gica de manera presencial,<\/strong> para todos los grupos que integran la comunidad educativa.<\/p>\n\n\n\n<p><\/p>\n\n\n\n<figure class=\"wp-block-image aligncenter size-full\"><img data-recalc-dims=\"1\" loading=\"lazy\" decoding=\"async\" width=\"800\" height=\"450\" src=\"https:\/\/i0.wp.com\/cdnoticias.com\/wp-content\/uploads\/2024\/03\/temporales-escuelas3.jpg?resize=800%2C450&#038;ssl=1\" alt=\"\" class=\"wp-image-110612\" srcset=\"https:\/\/i0.wp.com\/cdnoticias.com\/wp-content\/uploads\/2024\/03\/temporales-escuelas3.jpg?w=1000&amp;ssl=1 1000w, https:\/\/i0.wp.com\/cdnoticias.com\/wp-content\/uploads\/2024\/03\/temporales-escuelas3.jpg?resize=300%2C169&amp;ssl=1 300w, https:\/\/i0.wp.com\/cdnoticias.com\/wp-content\/uploads\/2024\/03\/temporales-escuelas3.jpg?resize=768%2C432&amp;ssl=1 768w\" sizes=\"auto, (max-width: 800px) 100vw, 800px\" \/><\/figure>\n\n\n\n<p><\/p>\n\n\n\n<p>Al respecto, se explic\u00f3 que el sector que se encuentra actualmente anegado ya fue cerrado su acceso y las divisiones y oficinas que all\u00ed funcionaban fueron reubicadas en otros espacios tanto de ese inmueble como de otras instituciones locales, como el Colegio San Antonio o la Sociedad de Fomento Mariano Moreno.<\/p>\n\n\n\n<p><\/p>\n\n\n\n<p>El edificio fue supervisado no s\u00f3lo por personal de Defensa Civil del Municipio, sino tambi\u00e9n por especialistas que arribaron desde la Direcci\u00f3n Provincial de Infraestructura. Las obras son financiadas desde el Gobierno Provincial, con una <strong>inversi\u00f3n cercana a los 34 millones de pesos.<\/strong><\/p>\n\n\n\n<p><\/p>\n\n\n\n<p>Posteriormente las labores avanzar\u00e1n en la reparaci\u00f3n de cabreadas y tirantes, para la posterior colocaci\u00f3n de fen\u00f3licos, chapas y material aislante.<\/p>\n\n\n\n<p><\/p>\n\n\n\n<figure class=\"wp-block-image aligncenter size-full\"><img data-recalc-dims=\"1\" loading=\"lazy\" decoding=\"async\" width=\"800\" height=\"536\" src=\"https:\/\/i0.wp.com\/cdnoticias.com\/wp-content\/uploads\/2024\/03\/temporales-escuelas2.jpg?resize=800%2C536&#038;ssl=1\" alt=\"\" class=\"wp-image-110611\" srcset=\"https:\/\/i0.wp.com\/cdnoticias.com\/wp-content\/uploads\/2024\/03\/temporales-escuelas2.jpg?w=1000&amp;ssl=1 1000w, https:\/\/i0.wp.com\/cdnoticias.com\/wp-content\/uploads\/2024\/03\/temporales-escuelas2.jpg?resize=300%2C201&amp;ssl=1 300w, https:\/\/i0.wp.com\/cdnoticias.com\/wp-content\/uploads\/2024\/03\/temporales-escuelas2.jpg?resize=768%2C515&amp;ssl=1 768w, https:\/\/i0.wp.com\/cdnoticias.com\/wp-content\/uploads\/2024\/03\/temporales-escuelas2.jpg?resize=272%2C182&amp;ssl=1 272w\" sizes=\"auto, (max-width: 800px) 100vw, 800px\" \/><\/figure>\n\n\n\n<p><\/p>\n\n\n\n<p>Por \u00faltimo, se inform\u00f3 que el Municipio y el Estado Provincial <em>\u201cest\u00e1n dando respuesta a m\u00e1s de una decena de instituciones afectadas por los temporales, en una <\/em><a href=\"https:\/\/cdnoticias.com\/index.php\/2024\/02\/16\/la-provincia-financiara-obras-a-instituciones-escolares-de-olavarria-por-mas-de-140-millones\/\" data-type=\"post\" data-id=\"108703\" target=\"_blank\" rel=\"noreferrer noopener\"><em>inversi\u00f3n superior a los 140 millones de pesos<\/em>\u201d<\/a>.<\/p>\n","protected":false},"excerpt":{"rendered":"<p>Los da\u00f1os fueron por los temporales que azotaron la ciudad en diciembre del a\u00f1o pasado. Permanecen en ejecuci\u00f3n las tareas<\/p>\n","protected":false},"author":6,"featured_media":110610,"comment_status":"closed","ping_status":"closed","sticky":false,"template":"","format":"standard","meta":{"_jetpack_memberships_contains_paid_content":false,"footnotes":""},"categories":[5,1],"tags":[],"class_list":["post-110609","post","type-post","status-publish","format-standard","has-post-thumbnail","hentry","category-informacion-general","category-portada"],"jetpack_featured_media_url":"https:\/\/i0.wp.com\/cdnoticias.com\/wp-content\/uploads\/2024\/03\/temporales-escuelas.jpg?fit=1000%2C750&ssl=1","jetpack_sharing_enabled":true,"_links":{"self":[{"href":"https:\/\/cdnoticias.com\/index.php\/wp-json\/wp\/v2\/posts\/110609","targetHints":{"allow":["GET"]}}],"collection":[{"href":"https:\/\/cdnoticias.com\/index.php\/wp-json\/wp\/v2\/posts"}],"about":[{"href":"https:\/\/cdnoticias.com\/index.php\/wp-json\/wp\/v2\/types\/post"}],"author":[{"embeddable":true,"href":"https:\/\/cdnoticias.com\/index.php\/wp-json\/wp\/v2\/users\/6"}],"replies":[{"embeddable":true,"href":"https:\/\/cdnoticias.com\/index.php\/wp-json\/wp\/v2\/comments?post=110609"}],"version-history":[{"count":0,"href":"https:\/\/cdnoticias.com\/index.php\/wp-json\/wp\/v2\/posts\/110609\/revisions"}],"wp:featuredmedia":[{"embeddable":true,"href":"https:\/\/cdnoticias.com\/index.php\/wp-json\/wp\/v2\/media\/110610"}],"wp:attachment":[{"href":"https:\/\/cdnoticias.com\/index.php\/wp-json\/wp\/v2\/media?parent=110609"}],"wp:term":[{"taxonomy":"category","embeddable":true,"href":"https:\/\/cdnoticias.com\/index.php\/wp-json\/wp\/v2\/categories?post=110609"},{"taxonomy":"post_tag","embeddable":true,"href":"https:\/\/cdnoticias.com\/index.php\/wp-json\/wp\/v2\/tags?post=110609"}],"curies":[{"name":"wp","href":"https:\/\/api.w.org\/{rel}","templated":true}]}}