{"id":110594,"date":"2024-03-07T17:06:56","date_gmt":"2024-03-07T20:06:56","guid":{"rendered":"https:\/\/cdnoticias.com\/?p=110594"},"modified":"2024-03-08T14:52:38","modified_gmt":"2024-03-08T17:52:38","slug":"guillermo-lascano-fue-designado-como-titular-de-pami-en-olavarria","status":"publish","type":"post","link":"https:\/\/cdnoticias.com\/index.php\/2024\/03\/07\/guillermo-lascano-fue-designado-como-titular-de-pami-en-olavarria\/","title":{"rendered":"Guillermo Lascano fue designado como titular de PAMI en Olavarr\u00eda"},"content":{"rendered":"\n<p>Se licenciar\u00e1 de concejal y dedicar\u00e1 su tiempo pleno al nuevo cargo nacional. Se mostr\u00f3 \u201cfeliz por el reconocimiento\u201d y solo prometi\u00f3 \u201ccompromiso, arduo trabajo y profesionalismo\u201d.<\/p>\n\n\n\n<hr class=\"wp-block-separator aligncenter has-alpha-channel-opacity\"\/>\n\n\n\n<p>Este jueves, confirmado por el propio dirigente a los medios locales,<strong> Guillermo Lascano fue designado como titular de PAMI Olavarr\u00eda, a tres meses de la asunci\u00f3n de Javier Milei en la Presidencia de la Naci\u00f3n.<\/strong><\/p>\n\n\n\n<p>Se\u00f1al\u00f3 que en la jornada de este jueves<em> \u201cme acaban de enviar la resoluci\u00f3n con mi designaci\u00f3n a PAMI Olavarr\u00eda\u201d.<\/em> Se\u00f1al\u00f3 que \u201ces una gran sorpresa y emoci\u00f3n\u201d y se manifest\u00f3<em><strong> \u201cfeliz por el reconocimiento y solo prometo compromiso, arduo trabajo y profesionalismo\u201d.<\/strong><\/em><\/p>\n\n\n\n<p>Cabe se\u00f1alar que decidi\u00f3 tomar licencia de concejal<em> \u201cy dedicarle tiempo completo a este nuevo desaf\u00edo\u201d<\/em>. <strong>En la lista que encabez\u00f3 en 2023 Celeste Arouxet para intendenta, quien reemplace a Lascano ser\u00e1 Oliver Gamondi.<\/strong><\/p>\n\n\n\n<p>Finalmente, dio una serie de agradecimientos entre los que incluy\u00f3 al Presidente Javier Milei<em>, \u201cal Director Ejecutivo del PAMI Esteban Leguizamo, al jefe Regional del PAMI de la UGL XXX Pablo Disalvo, a Sebasti\u00e1n Pareja y a toda la familia de Ahora Olavarr\u00eda\u201d <\/em>cerr\u00f3.<\/p>\n\n\n\n<p>Cabe se\u00f1alar que Lascano, quien fue funcionario en la gesti\u00f3n Galli e incluso ocup\u00f3 algunas suplencias dentro del HCD, sali\u00f3 del espacio por diferencias en Juntos por el Cambio y <strong>fund\u00f3, con Celeste Arouxet, Ahora Olavarr\u00eda.<\/strong><\/p>\n\n\n\n<p>En 2021 ocup\u00f3 el segundo lugar de la lista de concejales que encabez\u00f3 Arouxet (que renov\u00f3 su banca ese a\u00f1o), y <strong>fue el primer candidato a concejal en 2023, con la actual referenta del espacio como candidata a intendente. <\/strong>Junto con Adela Casamayor y Marcelo Petehs forman un bloque de cuatro ediles en el HCD.<\/p>\n","protected":false},"excerpt":{"rendered":"<p>Se licenciar\u00e1 de concejal y dedicar\u00e1 su tiempo pleno al nuevo cargo nacional. Se mostr\u00f3 \u201cfeliz por el reconocimiento\u201d y<\/p>\n","protected":false},"author":2,"featured_media":94881,"comment_status":"closed","ping_status":"closed","sticky":false,"template":"","format":"standard","meta":{"_jetpack_memberships_contains_paid_content":false,"footnotes":""},"categories":[4],"tags":[],"class_list":["post-110594","post","type-post","status-publish","format-standard","has-post-thumbnail","hentry","category-politica"],"jetpack_featured_media_url":"https:\/\/i0.wp.com\/cdnoticias.com\/wp-content\/uploads\/2023\/08\/guillermo-lascano.jpg?fit=800%2C445&ssl=1","jetpack_sharing_enabled":true,"_links":{"self":[{"href":"https:\/\/cdnoticias.com\/index.php\/wp-json\/wp\/v2\/posts\/110594","targetHints":{"allow":["GET"]}}],"collection":[{"href":"https:\/\/cdnoticias.com\/index.php\/wp-json\/wp\/v2\/posts"}],"about":[{"href":"https:\/\/cdnoticias.com\/index.php\/wp-json\/wp\/v2\/types\/post"}],"author":[{"embeddable":true,"href":"https:\/\/cdnoticias.com\/index.php\/wp-json\/wp\/v2\/users\/2"}],"replies":[{"embeddable":true,"href":"https:\/\/cdnoticias.com\/index.php\/wp-json\/wp\/v2\/comments?post=110594"}],"version-history":[{"count":0,"href":"https:\/\/cdnoticias.com\/index.php\/wp-json\/wp\/v2\/posts\/110594\/revisions"}],"wp:featuredmedia":[{"embeddable":true,"href":"https:\/\/cdnoticias.com\/index.php\/wp-json\/wp\/v2\/media\/94881"}],"wp:attachment":[{"href":"https:\/\/cdnoticias.com\/index.php\/wp-json\/wp\/v2\/media?parent=110594"}],"wp:term":[{"taxonomy":"category","embeddable":true,"href":"https:\/\/cdnoticias.com\/index.php\/wp-json\/wp\/v2\/categories?post=110594"},{"taxonomy":"post_tag","embeddable":true,"href":"https:\/\/cdnoticias.com\/index.php\/wp-json\/wp\/v2\/tags?post=110594"}],"curies":[{"name":"wp","href":"https:\/\/api.w.org\/{rel}","templated":true}]}}