{"id":110568,"date":"2024-03-07T11:21:30","date_gmt":"2024-03-07T14:21:30","guid":{"rendered":"https:\/\/cdnoticias.com\/?p=110568"},"modified":"2024-03-07T13:50:48","modified_gmt":"2024-03-07T16:50:48","slug":"entraron-en-grupo-al-deposito-judicial-para-intentar-robar-una-moto-hay-dos-acusados","status":"publish","type":"post","link":"https:\/\/cdnoticias.com\/index.php\/2024\/03\/07\/entraron-en-grupo-al-deposito-judicial-para-intentar-robar-una-moto-hay-dos-acusados\/","title":{"rendered":"Entraron en grupo al Dep\u00f3sito Judicial para intentar robar una moto: hay dos acusados"},"content":{"rendered":"<p>Fue este jueves a la madrugada. Uno, de 20 a\u00f1os, qued\u00f3 aprehendido. El segundo, de 15 a\u00f1os, qued\u00f3 imputado por \u201churto infraganti delito\u201d.<\/p>\n<p><!--more--><\/p>\n<hr \/>\n<p><strong>Un grupo de personas intent\u00f3 robar una moto del Dep\u00f3sito Judicial.<\/strong> A ra\u00edz de ese episodio <strong>dos j\u00f3venes quedaron imputados<\/strong> por <strong>\u201churto infraganti delito\u201d<\/strong>.<\/p>\n<blockquote><p>Seg\u00fan se inform\u00f3 desde la Comisar\u00eda Primera, el personal de custodia del predio ubicado en Perito Moreno y Saavedra advirti\u00f3 que hacia la 1.30 de este jueves varios hombres hab\u00edan ingresado y que buscaban llevarse una moto.<\/p><\/blockquote>\n<p>Inmediatamente tom\u00f3 intervenci\u00f3n y <strong>dos de los sospechosos fueron reducidos<\/strong>: uno de ellos tiene <strong>15 a\u00f1os<\/strong> y el segundo tiene <strong>20 a\u00f1os, quien qued\u00f3 aprehendido.<\/strong><\/p>\n<p><img data-recalc-dims=\"1\" loading=\"lazy\" decoding=\"async\" class=\"alignnone size-full wp-image-110570\" src=\"https:\/\/i0.wp.com\/cdnoticias.com\/wp-content\/uploads\/2024\/03\/deposito-judicial-moto-01.jpg?resize=450%2C825&#038;ssl=1\" alt=\"\" width=\"450\" height=\"825\" srcset=\"https:\/\/i0.wp.com\/cdnoticias.com\/wp-content\/uploads\/2024\/03\/deposito-judicial-moto-01.jpg?w=450&amp;ssl=1 450w, https:\/\/i0.wp.com\/cdnoticias.com\/wp-content\/uploads\/2024\/03\/deposito-judicial-moto-01.jpg?resize=164%2C300&amp;ssl=1 164w\" sizes=\"auto, (max-width: 450px) 100vw, 450px\" \/><\/p>\n<p>El <strong>menor de edad, fue notificado de la formaci\u00f3n de una causa penal<\/strong> en su contra y fue entregado a su progenitora.<\/p>\n<p>La moto que buscaban sustraer era una <strong>Mondial modelo Smash 110 cc<\/strong>.<\/p>\n<p>Se iniciaron actuaciones por<strong> \u201churto infraganti delito\u201d<\/strong> con intervenci\u00f3n de la<strong> UFI N\u00ba 17 del Fuero Penal Juvenil de Azul<\/strong>.<\/p>\n<p><img data-recalc-dims=\"1\" loading=\"lazy\" decoding=\"async\" class=\"alignnone size-full wp-image-110571\" src=\"https:\/\/i0.wp.com\/cdnoticias.com\/wp-content\/uploads\/2024\/03\/deposito-judicial-moto-02.jpg?resize=800%2C387&#038;ssl=1\" alt=\"\" width=\"800\" height=\"387\" srcset=\"https:\/\/i0.wp.com\/cdnoticias.com\/wp-content\/uploads\/2024\/03\/deposito-judicial-moto-02.jpg?w=1000&amp;ssl=1 1000w, https:\/\/i0.wp.com\/cdnoticias.com\/wp-content\/uploads\/2024\/03\/deposito-judicial-moto-02.jpg?resize=300%2C145&amp;ssl=1 300w, https:\/\/i0.wp.com\/cdnoticias.com\/wp-content\/uploads\/2024\/03\/deposito-judicial-moto-02.jpg?resize=768%2C372&amp;ssl=1 768w\" sizes=\"auto, (max-width: 800px) 100vw, 800px\" \/><\/p>\n","protected":false},"excerpt":{"rendered":"<p>Fue este jueves a la madrugada. Uno, de 20 a\u00f1os, qued\u00f3 aprehendido. El segundo, de 15 a\u00f1os, qued\u00f3 imputado por<\/p>\n","protected":false},"author":4,"featured_media":110572,"comment_status":"closed","ping_status":"closed","sticky":false,"template":"","format":"standard","meta":{"_jetpack_memberships_contains_paid_content":false,"footnotes":""},"categories":[14,1],"tags":[],"class_list":["post-110568","post","type-post","status-publish","format-standard","has-post-thumbnail","hentry","category-policiales","category-portada"],"jetpack_featured_media_url":"https:\/\/i0.wp.com\/cdnoticias.com\/wp-content\/uploads\/2024\/03\/deposito-judicial-moto-00.jpg?fit=800%2C445&ssl=1","jetpack_sharing_enabled":true,"_links":{"self":[{"href":"https:\/\/cdnoticias.com\/index.php\/wp-json\/wp\/v2\/posts\/110568","targetHints":{"allow":["GET"]}}],"collection":[{"href":"https:\/\/cdnoticias.com\/index.php\/wp-json\/wp\/v2\/posts"}],"about":[{"href":"https:\/\/cdnoticias.com\/index.php\/wp-json\/wp\/v2\/types\/post"}],"author":[{"embeddable":true,"href":"https:\/\/cdnoticias.com\/index.php\/wp-json\/wp\/v2\/users\/4"}],"replies":[{"embeddable":true,"href":"https:\/\/cdnoticias.com\/index.php\/wp-json\/wp\/v2\/comments?post=110568"}],"version-history":[{"count":0,"href":"https:\/\/cdnoticias.com\/index.php\/wp-json\/wp\/v2\/posts\/110568\/revisions"}],"wp:featuredmedia":[{"embeddable":true,"href":"https:\/\/cdnoticias.com\/index.php\/wp-json\/wp\/v2\/media\/110572"}],"wp:attachment":[{"href":"https:\/\/cdnoticias.com\/index.php\/wp-json\/wp\/v2\/media?parent=110568"}],"wp:term":[{"taxonomy":"category","embeddable":true,"href":"https:\/\/cdnoticias.com\/index.php\/wp-json\/wp\/v2\/categories?post=110568"},{"taxonomy":"post_tag","embeddable":true,"href":"https:\/\/cdnoticias.com\/index.php\/wp-json\/wp\/v2\/tags?post=110568"}],"curies":[{"name":"wp","href":"https:\/\/api.w.org\/{rel}","templated":true}]}}