{"id":110565,"date":"2024-03-07T11:45:11","date_gmt":"2024-03-07T14:45:11","guid":{"rendered":"https:\/\/cdnoticias.com\/?p=110565"},"modified":"2024-03-07T11:48:52","modified_gmt":"2024-03-07T14:48:52","slug":"huyo-y-abandono-la-moto-en-la-que-circulaba","status":"publish","type":"post","link":"https:\/\/cdnoticias.com\/index.php\/2024\/03\/07\/huyo-y-abandono-la-moto-en-la-que-circulaba\/","title":{"rendered":"Huy\u00f3 y abandon\u00f3 la moto en la que circulaba"},"content":{"rendered":"<p>El veh\u00edculo ten\u00eda la numeraci\u00f3n de motor y el chasis adulterados. Un joven de 25 a\u00f1os fue imputado por \u201cencubrimiento\u201d.<!--more--><\/p>\n<hr \/>\n<p>Personal de Motopolic\u00eda detect\u00f3 durante la jornada del mi\u00e9rcoles a un joven que<strong> circulaba por avenida Alberdi y General Paz en una motocicleta 110cc con faltante de pl\u00e1sticos y patente, como as\u00ed su conductor sin casco.<\/strong><\/p>\n<p>Al advertir esta situaci\u00f3n intent\u00f3 detenerlo y <strong>el motociclista huy\u00f3 por General Paz.<\/strong> Al llegar a Calle 19 se deshizo de la moto,<strong> dej\u00e1ndola tirada en la v\u00eda p\u00fablica y continu\u00f3 escapando a pie.<\/strong><\/p>\n<blockquote><p>Los efectivos policiales constataron que la moto ten\u00eda la numeraci\u00f3n de chasis y el motor suprimidos, por lo que se procedi\u00f3 a secuestrarla.<\/p><\/blockquote>\n<p>Por el hecho <strong>se encuentra imputado un joven de 25 a\u00f1os.<\/strong> Interviene la UFI N\u00b0 10 a cargo del doctor Jos\u00e9 Iturralde, en una causa por \u201cencubrimiento\u201d.<\/p>\n","protected":false},"excerpt":{"rendered":"<p>El veh\u00edculo ten\u00eda la numeraci\u00f3n de motor y el chasis adulterados. Un joven de 25 a\u00f1os fue imputado por \u201cencubrimiento\u201d.<\/p>\n","protected":false},"author":2,"featured_media":110566,"comment_status":"closed","ping_status":"closed","sticky":false,"template":"","format":"standard","meta":{"_jetpack_memberships_contains_paid_content":false,"footnotes":""},"categories":[14,1],"tags":[],"class_list":["post-110565","post","type-post","status-publish","format-standard","has-post-thumbnail","hentry","category-policiales","category-portada"],"jetpack_featured_media_url":"https:\/\/i0.wp.com\/cdnoticias.com\/wp-content\/uploads\/2024\/03\/moto-secuestro.jpg?fit=800%2C444&ssl=1","jetpack_sharing_enabled":true,"_links":{"self":[{"href":"https:\/\/cdnoticias.com\/index.php\/wp-json\/wp\/v2\/posts\/110565","targetHints":{"allow":["GET"]}}],"collection":[{"href":"https:\/\/cdnoticias.com\/index.php\/wp-json\/wp\/v2\/posts"}],"about":[{"href":"https:\/\/cdnoticias.com\/index.php\/wp-json\/wp\/v2\/types\/post"}],"author":[{"embeddable":true,"href":"https:\/\/cdnoticias.com\/index.php\/wp-json\/wp\/v2\/users\/2"}],"replies":[{"embeddable":true,"href":"https:\/\/cdnoticias.com\/index.php\/wp-json\/wp\/v2\/comments?post=110565"}],"version-history":[{"count":0,"href":"https:\/\/cdnoticias.com\/index.php\/wp-json\/wp\/v2\/posts\/110565\/revisions"}],"wp:featuredmedia":[{"embeddable":true,"href":"https:\/\/cdnoticias.com\/index.php\/wp-json\/wp\/v2\/media\/110566"}],"wp:attachment":[{"href":"https:\/\/cdnoticias.com\/index.php\/wp-json\/wp\/v2\/media?parent=110565"}],"wp:term":[{"taxonomy":"category","embeddable":true,"href":"https:\/\/cdnoticias.com\/index.php\/wp-json\/wp\/v2\/categories?post=110565"},{"taxonomy":"post_tag","embeddable":true,"href":"https:\/\/cdnoticias.com\/index.php\/wp-json\/wp\/v2\/tags?post=110565"}],"curies":[{"name":"wp","href":"https:\/\/api.w.org\/{rel}","templated":true}]}}