{"id":110562,"date":"2024-03-07T12:16:26","date_gmt":"2024-03-07T15:16:26","guid":{"rendered":"https:\/\/cdnoticias.com\/?p=110562"},"modified":"2024-03-07T17:07:37","modified_gmt":"2024-03-07T20:07:37","slug":"el-municipio-invertira-1-248-millones-en-el-mantenimiento-de-caminos-rurales","status":"publish","type":"post","link":"https:\/\/cdnoticias.com\/index.php\/2024\/03\/07\/el-municipio-invertira-1-248-millones-en-el-mantenimiento-de-caminos-rurales\/","title":{"rendered":"El Municipio invertir\u00e1 1.248 millones en el mantenimiento de caminos rurales"},"content":{"rendered":"<p>Se abri\u00f3 la licitaci\u00f3n para los trabajos. Los 2.200 kil\u00f3metros de caminos se dividieron en cinco zonas. Los detalles de cada una.<\/p>\n<p><!--more--><\/p>\n<hr \/>\n<p><strong>El Municipio hizo p\u00fablico el llamado a la primera licitaci\u00f3n p\u00fablica del a\u00f1o:<\/strong> es para el <strong>mantenimiento de los caminos rurales<\/strong> con una inversi\u00f3n prevista de<strong> 1.248 millones de pesos<\/strong>.<\/p>\n<p>&nbsp;<\/p>\n<p>La Secretar\u00eda de Obras P\u00fablicas licita trabajos de<strong> \u201cmantenimiento rutinario, alteo y reconformado de los caminos rurales del Partido de Olavarr\u00eda\u201d por un a\u00f1o<\/strong>.<\/p>\n<p>&nbsp;<\/p>\n<p>La<strong> apertura de ofertas<\/strong> se program\u00f3 para el<strong> 25 de marzo<\/strong> a las 10 en el Palacio San Mart\u00edn.<\/p>\n<p>&nbsp;<\/p>\n<p>La red de caminos se dividi\u00f3 en <strong>cinco zonas<\/strong> y cada una se licita por 249,6 millones de pesos.<\/p>\n<p>&nbsp;<\/p>\n<blockquote><p>\u201cAcompa\u00f1amos el desarrollo agropecuario y en ese sentido invertiremos m\u00e1s de 1.200 millones de pesos en la red vial rural de todo el partido, con una extensi\u00f3n total de la red de m\u00e1s de 2.200 kil\u00f3metros\u201d hab\u00eda adelantado el intendente Maximiliano Wesner en el acto de apertura de sesiones ordinarias. <a href=\"https:\/\/cdnoticias.com\/index.php\/2024\/03\/06\/sin-esquivar-los-conflictos-wesner-abrio-las-sesiones-ordinarias-con-mucho-anuncios\/\" target=\"_blank\" rel=\"noopener\">Este anuncio fue presentado junto con otras medidas y proyectos para el sector rural<\/a>.<\/p><\/blockquote>\n<p>&nbsp;<\/p>\n<p>La Secretar\u00eda municipal detall\u00f3 que las empresas que resulten adjudicatarias deber\u00e1n realizar <em>\u201ctodas las tareas destinadas a conservar el nivel de servicio para el que ha sido proyectado y ejecutado el camino\u201d<\/em>. Consisten en<em> \u201cbacheo, alteo, reconformado, limpieza de cunetas y mantenimiento rutinario\u201d<\/em>.<\/p>\n<p>&nbsp;<\/p>\n<p><img data-recalc-dims=\"1\" loading=\"lazy\" decoding=\"async\" class=\"size-full wp-image-98245 aligncenter\" src=\"https:\/\/i0.wp.com\/cdnoticias.com\/wp-content\/uploads\/2023\/10\/mapa-de-caminos-rurales-UBA.jpg?resize=800%2C445&#038;ssl=1\" alt=\"\" width=\"800\" height=\"445\" srcset=\"https:\/\/i0.wp.com\/cdnoticias.com\/wp-content\/uploads\/2023\/10\/mapa-de-caminos-rurales-UBA.jpg?w=1000&amp;ssl=1 1000w, https:\/\/i0.wp.com\/cdnoticias.com\/wp-content\/uploads\/2023\/10\/mapa-de-caminos-rurales-UBA.jpg?resize=300%2C167&amp;ssl=1 300w, https:\/\/i0.wp.com\/cdnoticias.com\/wp-content\/uploads\/2023\/10\/mapa-de-caminos-rurales-UBA.jpg?resize=768%2C427&amp;ssl=1 768w, https:\/\/i0.wp.com\/cdnoticias.com\/wp-content\/uploads\/2023\/10\/mapa-de-caminos-rurales-UBA.jpg?resize=800%2C445&amp;ssl=1 800w\" sizes=\"auto, (max-width: 800px) 100vw, 800px\" \/><\/p>\n<p>&nbsp;<\/p>\n<blockquote><p>Se destac\u00f3 desde la Municipalidad que hay una sexta zona en la que el servicio de mantenimiento ser\u00e1 realizado por personal y maquinaria del Municipio de Olavarr\u00eda.<\/p><\/blockquote>\n<p>&nbsp;<\/p>\n<h2>Los tramos<\/h2>\n<p>&nbsp;<\/p>\n<p>El<strong> \u201cItem I\u201d<\/strong> abarca al sur por la Ruta Provincial 60, sin incluirla; al norte con los partidos de Daireaux y Bol\u00edvar; al este por la antigua traza de la Ruta Nacional 226 sin incluirla; al oeste con el partido de General La Madrid. Est\u00e1 incluido el mantenimiento de la traza que une la Estaci\u00f3n de Mapis con la ruta 226.<\/p>\n<p>&nbsp;<\/p>\n<p>La zona consta de una<strong> red vial de extensi\u00f3n total de 251.62 km<\/strong>, de los cuales 131.97km son primarios; 44,55km son secundarios y 75,10km terciarios.<\/p>\n<p>&nbsp;<\/p>\n<p>Comprende parcialmente los <strong>cuarteles IV, XIV, XV, XVII, XVIII, XIX<\/strong> y existen en ella 14 centros de educaci\u00f3n. Incluye los arroyos Quilco y Brandsen.<\/p>\n<p>&nbsp;<\/p>\n<p>El <strong>\u201cItem II\u201d<\/strong> est\u00e1 limitado al sur por el ejido urbano de la Ciudad de Olavarr\u00eda; al norte por el l\u00edmite del Partido de Olavarr\u00eda; al este por el sector III con la Ruta Provincial N\u00b0 226; al oeste por la antigua traza de la Ruta Provincial 226 a la que incluye, junto con algunos caminos al este. Incluye a la localidad de Blanca Grande.<\/p>\n<p>&nbsp;<\/p>\n<p>La zona consta de una red vial de<strong> extensi\u00f3n total de 307,25 km<\/strong> de los cuales 61,9 km son primarios, 63,55 km son secundarios y 181,8 km terciarios.<\/p>\n<p>&nbsp;<\/p>\n<p>Comprende sectores de los <strong>cuarteles II, III, IX, XII, XIV, XV, XVII, XVIII<\/strong> y existen en ella 11 centros de educaci\u00f3n. Incluye parte de las cuencas de los arroyos Brandsen, Las Flores y Tapalqu\u00e9.<\/p>\n<p>&nbsp;<\/p>\n<p>\u201cExiste una zona de peque\u00f1as elevaciones que incluye los Cerros La China y de la Escalera que hacen de divisoria de las cuencas de los arroyos Brandsen y Las Flores. Se observa tambi\u00e9n la existencia de dos lagunas denominadas Blanca Chica y Blanca Grande. A esta \u00faltima ingresa el arroyo Brandsen y egresa el arroyo Las Flores\u201d se aclara sobre las condiciones del sector.<\/p>\n<p>&nbsp;<\/p>\n<p><img data-recalc-dims=\"1\" loading=\"lazy\" decoding=\"async\" class=\"size-full wp-image-96982 aligncenter\" src=\"https:\/\/i0.wp.com\/cdnoticias.com\/wp-content\/uploads\/2023\/09\/Obras-Caminos-Rurales-Puente-Colonia-San-Miguel-Puente-Canizo-2.jpg?resize=800%2C445&#038;ssl=1\" alt=\"\" width=\"800\" height=\"445\" srcset=\"https:\/\/i0.wp.com\/cdnoticias.com\/wp-content\/uploads\/2023\/09\/Obras-Caminos-Rurales-Puente-Colonia-San-Miguel-Puente-Canizo-2.jpg?w=800&amp;ssl=1 800w, https:\/\/i0.wp.com\/cdnoticias.com\/wp-content\/uploads\/2023\/09\/Obras-Caminos-Rurales-Puente-Colonia-San-Miguel-Puente-Canizo-2.jpg?resize=300%2C167&amp;ssl=1 300w, https:\/\/i0.wp.com\/cdnoticias.com\/wp-content\/uploads\/2023\/09\/Obras-Caminos-Rurales-Puente-Colonia-San-Miguel-Puente-Canizo-2.jpg?resize=768%2C427&amp;ssl=1 768w\" sizes=\"auto, (max-width: 800px) 100vw, 800px\" \/><\/p>\n<p>&nbsp;<\/p>\n<p>El <strong>\u201cItem III\u201d<\/strong> est\u00e1 delimitado al sur por el Sector IV; al norte por el l\u00edmite del Partido de Olavarr\u00eda; al este por el l\u00edmite del Partido de Olavarr\u00eda; al oeste por la Ruta Provincial 226. Incluye a la localidad de Espigas.<\/p>\n<p>&nbsp;<\/p>\n<p>La zona consta de una <strong>red vial de extensi\u00f3n total de 166,72km<\/strong>, de los cuales 7,45 km son primarios, 159,27 km son secundarios y 0,0 km terciarios.<\/p>\n<p>&nbsp;<\/p>\n<p>Los <strong>cuarteles XII, XIII y XIV<\/strong> componen el sector y existen en ella 4 centros de educaci\u00f3n.\u00a0Hay cursos intermitentes y canalizaciones que discurren hacia el arroyo Las Flores que act\u00faa como l\u00edmite del partido de Olavarr\u00eda con el de Bol\u00edvar y tambi\u00e9n se observan algunos ba\u00f1ados.<\/p>\n<p>&nbsp;<\/p>\n<p>El<strong> \u201cItem IV\u201d<\/strong> est\u00e1 limitado al sur por el l\u00edmite del Partido de Olavarr\u00eda, al norte por el Camino a Pourtal\u00e9; al este limita con el Sector IV y el ejido urbano de la Ciudad de Olavarr\u00eda; al oeste por el l\u00edmite del Partido de Olavarr\u00eda. Re\u00fane las Localidades de Loma Negra, Santa Luisa, Dura\u00f1ona.<\/p>\n<p>&nbsp;<\/p>\n<p>La zona consta de una red vial de <strong>extensi\u00f3n total de 373,57 km<\/strong>, de los cuales 101,24 km son primarios, 98,2 km son secundarios y 174,13km. terciarios.<\/p>\n<p>&nbsp;<\/p>\n<p>Contiene sectores de<strong> cuarteles VII, VIII, IX, X, XI y XVI<\/strong>, y existen 9 centros de educaci\u00f3n.<\/p>\n<p>&nbsp;<\/p>\n<p>Este sector incluye una zona de ba\u00f1ados, cursos intermitentes y canalizaciones en las nacientes de los arroyos Brandsen y Corto, comprendida entre el l\u00edmite de partido y la cuenca del arroyo Tapalqu\u00e9. El resto del sector est\u00e1 incluido en la cuenca media del arroyo Tapalqu\u00e9 que tiene un \u00e1rea de baja pendiente con la existencia de ba\u00f1ados y otra con pendientes pronunciada dada por la presencia de la Sierra Negra.<\/p>\n<p>&nbsp;<\/p>\n<p><img data-recalc-dims=\"1\" loading=\"lazy\" decoding=\"async\" class=\"size-large wp-image-55464 aligncenter\" src=\"https:\/\/i0.wp.com\/cdnoticias.com\/wp-content\/uploads\/2022\/05\/vialidad-Caminos-rurales3.jpg?resize=800%2C534&#038;ssl=1\" alt=\"\" width=\"800\" height=\"534\" srcset=\"https:\/\/i0.wp.com\/cdnoticias.com\/wp-content\/uploads\/2022\/05\/vialidad-Caminos-rurales3.jpg?resize=1024%2C683&amp;ssl=1 1024w, https:\/\/i0.wp.com\/cdnoticias.com\/wp-content\/uploads\/2022\/05\/vialidad-Caminos-rurales3.jpg?resize=300%2C200&amp;ssl=1 300w, https:\/\/i0.wp.com\/cdnoticias.com\/wp-content\/uploads\/2022\/05\/vialidad-Caminos-rurales3.jpg?resize=768%2C512&amp;ssl=1 768w, https:\/\/i0.wp.com\/cdnoticias.com\/wp-content\/uploads\/2022\/05\/vialidad-Caminos-rurales3.jpg?resize=1536%2C1024&amp;ssl=1 1536w, https:\/\/i0.wp.com\/cdnoticias.com\/wp-content\/uploads\/2022\/05\/vialidad-Caminos-rurales3.jpg?resize=272%2C182&amp;ssl=1 272w, https:\/\/i0.wp.com\/cdnoticias.com\/wp-content\/uploads\/2022\/05\/vialidad-Caminos-rurales3.jpg?w=1920&amp;ssl=1 1920w, https:\/\/i0.wp.com\/cdnoticias.com\/wp-content\/uploads\/2022\/05\/vialidad-Caminos-rurales3.jpg?w=1600&amp;ssl=1 1600w\" sizes=\"auto, (max-width: 800px) 100vw, 800px\" \/><\/p>\n<p>&nbsp;<\/p>\n<p>El<strong> \u201dItem V\u201d<\/strong> est\u00e1 limitado al sur por la zona VI con el Camino a Pourtal\u00e9 (al que incluye); al norte limita con la Ruta Provincial N\u00b0 60 (a la que incluye); al este converge hacia el ejido urbano de la Ciudad de Olavarr\u00eda; al oeste llega hasta el l\u00edmite del Partido de Olavarr\u00eda con el Partido de General La Madrid. Re\u00fane las Estaciones de Pourtal\u00e9, Mu\u00f1oz y Rocha.<\/p>\n<p>&nbsp;<\/p>\n<p>La red vial tiene una <strong>extensi\u00f3n total de 263,5 km<\/strong>, de los cuales 158,5 km son primarios, 51,7 km secundarios y 53,3 km terciarios.<\/p>\n<p>&nbsp;<\/p>\n<p>La zona V contiene sectores de los <strong>cuarteles IX, XI, XV; XVI, XVII, XIX<\/strong>, y existen 6 centros de educaci\u00f3n. Esta zona incluye las nacientes del arroyo Quilco en las cercan\u00edas de la localidad de Rocha en una zona de amplios ba\u00f1ados y tambi\u00e9n numerosos cursos intermitentes y canalizaciones que dan origen a los arroyos Brandsen y Corto.<\/p>\n<p>&nbsp;<\/p>\n","protected":false},"excerpt":{"rendered":"<p>Se abri\u00f3 la licitaci\u00f3n para los trabajos. Los 2.200 kil\u00f3metros de caminos se dividieron en cinco zonas. Los detalles de<\/p>\n","protected":false},"author":4,"featured_media":96981,"comment_status":"closed","ping_status":"closed","sticky":false,"template":"","format":"standard","meta":{"_jetpack_memberships_contains_paid_content":false,"footnotes":""},"categories":[5,1],"tags":[],"class_list":["post-110562","post","type-post","status-publish","format-standard","has-post-thumbnail","hentry","category-informacion-general","category-portada"],"jetpack_featured_media_url":"https:\/\/i0.wp.com\/cdnoticias.com\/wp-content\/uploads\/2023\/09\/Obras-Caminos-Rurales-Puente-Colonia-San-Miguel-Puente-Canizo-1.jpg?fit=800%2C445&ssl=1","jetpack_sharing_enabled":true,"_links":{"self":[{"href":"https:\/\/cdnoticias.com\/index.php\/wp-json\/wp\/v2\/posts\/110562","targetHints":{"allow":["GET"]}}],"collection":[{"href":"https:\/\/cdnoticias.com\/index.php\/wp-json\/wp\/v2\/posts"}],"about":[{"href":"https:\/\/cdnoticias.com\/index.php\/wp-json\/wp\/v2\/types\/post"}],"author":[{"embeddable":true,"href":"https:\/\/cdnoticias.com\/index.php\/wp-json\/wp\/v2\/users\/4"}],"replies":[{"embeddable":true,"href":"https:\/\/cdnoticias.com\/index.php\/wp-json\/wp\/v2\/comments?post=110562"}],"version-history":[{"count":0,"href":"https:\/\/cdnoticias.com\/index.php\/wp-json\/wp\/v2\/posts\/110562\/revisions"}],"wp:featuredmedia":[{"embeddable":true,"href":"https:\/\/cdnoticias.com\/index.php\/wp-json\/wp\/v2\/media\/96981"}],"wp:attachment":[{"href":"https:\/\/cdnoticias.com\/index.php\/wp-json\/wp\/v2\/media?parent=110562"}],"wp:term":[{"taxonomy":"category","embeddable":true,"href":"https:\/\/cdnoticias.com\/index.php\/wp-json\/wp\/v2\/categories?post=110562"},{"taxonomy":"post_tag","embeddable":true,"href":"https:\/\/cdnoticias.com\/index.php\/wp-json\/wp\/v2\/tags?post=110562"}],"curies":[{"name":"wp","href":"https:\/\/api.w.org\/{rel}","templated":true}]}}