{"id":110556,"date":"2024-03-07T10:10:44","date_gmt":"2024-03-07T13:10:44","guid":{"rendered":"https:\/\/cdnoticias.com\/?p=110556"},"modified":"2024-03-07T10:10:49","modified_gmt":"2024-03-07T13:10:49","slug":"el-municipio-impulsa-actividades-conmemorativas-por-el-dia-internacional-de-las-mujeres","status":"publish","type":"post","link":"https:\/\/cdnoticias.com\/index.php\/2024\/03\/07\/el-municipio-impulsa-actividades-conmemorativas-por-el-dia-internacional-de-las-mujeres\/","title":{"rendered":"El Municipio impulsa actividades conmemorativas por el D\u00eda Internacional de las Mujeres"},"content":{"rendered":"<p>Propone un variado esquema de propuestas de cara al 8 de marzo. Conoc\u00e9 el cronograma completo.<!--more--><\/p>\n<hr \/>\n<p>La Municipalidad de Olavarr\u00eda propone distintas iniciativas de cara al<strong> D\u00eda Internacional de las Mujeres.<\/strong> Las actividades tendr\u00e1n lugar en diversos escenarios y son impulsadas desde distintas \u00e1reas de Gobierno.<\/p>\n<p>Incluyen <strong>muestras de arte, cultura popular, promoci\u00f3n comunitaria de derechos en las localidades, charlas en diversos espacios, y una intervenci\u00f3n urbana en el Paseo Mend\u00eda<\/strong> de nuestra ciudad que contar\u00e1 con el acompa\u00f1amiento del equipo de Mujeres, G\u00e9neros y Diversidad municipal, donde se dialogar\u00e1 con la ciudadan\u00eda y se difundir\u00e1n los recursos institucionales de la mencionada \u00e1rea.<\/p>\n<blockquote><p>Este a\u00f1o y bajo la consigna<strong> \u201cNuestros derechos no se negocian\u201d,<\/strong> se propone fortalecer los logros obtenidos para mejorar las trayectorias de vida de mujeres y diversidades en los distintos \u00e1mbitos en los que se desarrollan.<\/p><\/blockquote>\n<h2>Cronograma de actividades<\/h2>\n<p><strong>Viernes 8 de marzo: 10:30 a 12:30 horas.<\/strong><br \/>\nIntervenci\u00f3n urbana en Paseo Mend\u00eda. A cargo de la Direcci\u00f3n de Mujeres, G\u00e9neros y Diversidad municipal.<br \/>\nPromoci\u00f3n de recursos y difusi\u00f3n de los dispositivos de abordaje en situaciones de violencia. Di\u00e1logo con la ciudadan\u00eda y asesoramiento sobre temas de g\u00e9nero.<\/p>\n<p><strong>Viernes 8 de marzo, 20:30 horas.<\/strong><br \/>\nTeatro Municipal. Entrega de Premios Dina Pontoni y Florentina G\u00f3mez Miranda.<\/p>\n<p><strong>Actividades en conjunto con Cultura<\/strong><\/p>\n<p><strong>Domingo 10 de marzo<\/strong> <strong>\u2013 17:30 horas<\/strong>, Museo Municipal de Espigas.<br \/>\n\u201cMujeres y Vida Cotidiana en Espigas\u201d. Charla en la comunidad de Espigas sobre las mujeres y el trabajo en el \u00e1mbito rural.<\/p>\n<p>Participaci\u00f3n en la Muestra \u00a8Di\u00e1logos Imaginarios\u00a8 \u2013 El trabajo invisible de las mujeres a lo largo de la Historia. Museo D\u00e1maso Arce.<\/p>\n<p><strong>Viernes 15 a las 20 horas.<\/strong> Historias de vida y cierre musical.<br \/>\n\u201cMujeres al Volante\u201d en el Museo Municipal \u201cHermanos Emiliozzi\u201d. encuentro de mujeres en formato de charla \u2013 entrevista, donde las invitadas hablar\u00e1n sobre su rol laboral y su experiencia con el universo automotor.<\/p>\n<p><strong>S\u00e1bado 9 de Marzo<\/strong> <strong>\u2013 20:30 horas.<\/strong> Organiza: Delegaci\u00f3n Municipal de Sierras Bayas \u2013 Subsecretar\u00eda de Cultura y Educaci\u00f3n. Colaboraci\u00f3n: instituciones locales.<\/p>\n<p>Centro Cultural Municipal Sierras Bayas. Reconocimiento a mujeres destacadas de la localidad y cierre musical a cargo de \u00abLa Maywa\u00bb.<\/p>\n<p><strong>Actividades en conjunto con Deportes<\/strong><\/p>\n<p><strong>Jueves 7 de marzo, 14:00<\/strong> horas en Club Villa Floresta.<br \/>\nProfesoras: Sol Elsegood, Ver\u00f3nica Attad\u00eda, Gisele Salicio, Denisse Lafitte, Nara Fortier, Silvina Gamondi. Coordinadora: Yanina Urrutia.<\/p>\n<p><strong>Otras propuestas<\/strong><\/p>\n<p><strong>Viernes 8 de Marzo, 09:30 horas<\/strong> en Plaza Libertad de Loma Negra.<br \/>\nCaminata con clase de meditaci\u00f3n. A cargo de personal del CAPS N\u00b0 21 junto a la delegaci\u00f3n de Loma Negra. La jornada culmina con una mateada.<\/p>\n<p>Encuentros de <strong>trabajo internos con los equipos de la Direcci\u00f3n de Mujeres, G\u00e9neros y Diversidad<\/strong> a cargo del Programa Municipal de Salud Sexual y Reproductiva y del equipo de Diversidad. Nociones b\u00e1sicas sobre salud sexual y reproductiva y no reproductiva.<\/p>\n<p>Durante el mes de marzo se retoman las<strong> capacitaciones de Ley Micaela<\/strong> con agentes municipales. La Ley, que regula la capacitaci\u00f3n obligatoria y permanente en materia de g\u00e9nero para personal estatal de la gesti\u00f3n p\u00fablica, se implementa en nuestro Municipio desde el a\u00f1o 2019 en el marco de la Ordenanza Municipal 4406\/19 que as\u00ed lo reglamenta.<\/p>\n","protected":false},"excerpt":{"rendered":"<p>Propone un variado esquema de propuestas de cara al 8 de marzo. Conoc\u00e9 el cronograma completo.<\/p>\n","protected":false},"author":2,"featured_media":110557,"comment_status":"closed","ping_status":"closed","sticky":false,"template":"","format":"standard","meta":{"_jetpack_memberships_contains_paid_content":false,"footnotes":""},"categories":[3,1],"tags":[],"class_list":["post-110556","post","type-post","status-publish","format-standard","has-post-thumbnail","hentry","category-genero","category-portada"],"jetpack_featured_media_url":"https:\/\/i0.wp.com\/cdnoticias.com\/wp-content\/uploads\/2024\/03\/8M-CRONOGRAMA_Mesa-de-trabajo-flyer.jpg?fit=800%2C445&ssl=1","jetpack_sharing_enabled":true,"_links":{"self":[{"href":"https:\/\/cdnoticias.com\/index.php\/wp-json\/wp\/v2\/posts\/110556","targetHints":{"allow":["GET"]}}],"collection":[{"href":"https:\/\/cdnoticias.com\/index.php\/wp-json\/wp\/v2\/posts"}],"about":[{"href":"https:\/\/cdnoticias.com\/index.php\/wp-json\/wp\/v2\/types\/post"}],"author":[{"embeddable":true,"href":"https:\/\/cdnoticias.com\/index.php\/wp-json\/wp\/v2\/users\/2"}],"replies":[{"embeddable":true,"href":"https:\/\/cdnoticias.com\/index.php\/wp-json\/wp\/v2\/comments?post=110556"}],"version-history":[{"count":0,"href":"https:\/\/cdnoticias.com\/index.php\/wp-json\/wp\/v2\/posts\/110556\/revisions"}],"wp:featuredmedia":[{"embeddable":true,"href":"https:\/\/cdnoticias.com\/index.php\/wp-json\/wp\/v2\/media\/110557"}],"wp:attachment":[{"href":"https:\/\/cdnoticias.com\/index.php\/wp-json\/wp\/v2\/media?parent=110556"}],"wp:term":[{"taxonomy":"category","embeddable":true,"href":"https:\/\/cdnoticias.com\/index.php\/wp-json\/wp\/v2\/categories?post=110556"},{"taxonomy":"post_tag","embeddable":true,"href":"https:\/\/cdnoticias.com\/index.php\/wp-json\/wp\/v2\/tags?post=110556"}],"curies":[{"name":"wp","href":"https:\/\/api.w.org\/{rel}","templated":true}]}}