{"id":110550,"date":"2024-03-06T21:22:48","date_gmt":"2024-03-07T00:22:48","guid":{"rendered":"https:\/\/cdnoticias.com\/?p=110550"},"modified":"2024-03-07T09:10:20","modified_gmt":"2024-03-07T12:10:20","slug":"ruta-51-trasladaban-14-terneros-de-forma-irregular-en-vehiculos-sin-documentacion","status":"publish","type":"post","link":"https:\/\/cdnoticias.com\/index.php\/2024\/03\/06\/ruta-51-trasladaban-14-terneros-de-forma-irregular-en-vehiculos-sin-documentacion\/","title":{"rendered":"Ruta 51: trasladaban 14 terneros de forma irregular en veh\u00edculos sin documentaci\u00f3n"},"content":{"rendered":"\n<p>Tras la requisa policial, detectaron que 4 de ellos ten\u00edan due\u00f1o y no hab\u00edan sido devueltos. Dos hombres de 55 y 56 a\u00f1os fueron imputados.<\/p>\n\n\n\n<hr class=\"wp-block-separator aligncenter has-alpha-channel-opacity\"\/>\n\n\n\n<p>Este martes,<strong> dos hombres de 55 y 56 a\u00f1os fueron imputados por personal de Subcomisar\u00eda de Loma Negra tras trasladar 14 terneros \u201ccon distintas gu\u00edas\u201d, sin la documentaci\u00f3n y a bordo de autos con diversas irregularidades tambi\u00e9n en su documentaci\u00f3n.<\/strong><\/p>\n\n\n\n<p>Seg\u00fan se inform\u00f3, en el marco de un operativo de control de hacienda, en <strong>Ruta 51 kil\u00f3metro 450<\/strong> se detuvo a un <strong>cami\u00f3n Mercedes Benz que transportaba vacunos y, con una soga, llevaba de tiro un cargador de animales y una camioneta Ford F-100, conducida por los dos imputados.<\/strong><\/p>\n\n\n\n<figure class=\"wp-block-image size-full\"><img data-recalc-dims=\"1\" loading=\"lazy\" decoding=\"async\" width=\"748\" height=\"435\" src=\"https:\/\/i0.wp.com\/cdnoticias.com\/wp-content\/uploads\/2024\/03\/WhatsApp-Image-2024-03-06-at-20.48.22-1.jpeg?resize=748%2C435&#038;ssl=1\" alt=\"\" class=\"wp-image-110553\" srcset=\"https:\/\/i0.wp.com\/cdnoticias.com\/wp-content\/uploads\/2024\/03\/WhatsApp-Image-2024-03-06-at-20.48.22-1.jpeg?w=748&amp;ssl=1 748w, https:\/\/i0.wp.com\/cdnoticias.com\/wp-content\/uploads\/2024\/03\/WhatsApp-Image-2024-03-06-at-20.48.22-1.jpeg?resize=300%2C174&amp;ssl=1 300w\" sizes=\"auto, (max-width: 748px) 100vw, 748px\" \/><\/figure>\n\n\n\n<p>Tras pedir documentaci\u00f3n,<strong> la camioneta no ten\u00eda carnet de conducir, seguro, VTV y tarjeta verde vencida<\/strong>, por lo que se le labr\u00f3 la infracci\u00f3n correspondiente que fue remitida al Juzgado de Faltas.<\/p>\n\n\n\n<p>Pero, adem\u00e1s, <strong>hab\u00eda irregularidades en el traslado de los 14 terneros, que ten\u00edan todos distintas gu\u00edas que no concordaban con la carga que llegaba. <\/strong>Tras cruzar datos con fiscal\u00eda, <strong>detectaron una denuncia en la que un hombre se\u00f1al\u00f3 que uno de los imputados se hab\u00eda quedado con 4 de los terneros \u201c<em>en circunstancias que se los hab\u00eda dado para parici\u00f3n y se negaba a devolv\u00e9rselo\u201d.<\/em><\/strong><\/p>\n\n\n\n<figure class=\"wp-block-image size-full\"><img data-recalc-dims=\"1\" loading=\"lazy\" decoding=\"async\" width=\"755\" height=\"430\" src=\"https:\/\/i0.wp.com\/cdnoticias.com\/wp-content\/uploads\/2024\/03\/WhatsApp-Image-2024-03-06-at-20.48.22-2.jpeg?resize=755%2C430&#038;ssl=1\" alt=\"\" class=\"wp-image-110552\" srcset=\"https:\/\/i0.wp.com\/cdnoticias.com\/wp-content\/uploads\/2024\/03\/WhatsApp-Image-2024-03-06-at-20.48.22-2.jpeg?w=755&amp;ssl=1 755w, https:\/\/i0.wp.com\/cdnoticias.com\/wp-content\/uploads\/2024\/03\/WhatsApp-Image-2024-03-06-at-20.48.22-2.jpeg?resize=300%2C171&amp;ssl=1 300w\" sizes=\"auto, (max-width: 755px) 100vw, 755px\" \/><\/figure>\n\n\n\n<p>Tras la intervenci\u00f3n del Comando de Patrulla Rural,<strong> el cami\u00f3n con los animales fue trasladados a la Sociedad Rural Olavarr\u00eda,<\/strong> <em>\u201ccon fines de pelaje de marca, labr\u00e1ndose una infracci\u00f3n por incumplir el Art. 112 y 148, Ley 10.081 \u2013 Art. 10 inc. B\u00b0, Ley 10.891\u201d.<\/em><strong><em> <\/em>La camioneta, por su parte, fue trasladada al corral\u00f3n municipal.<\/strong><\/p>\n\n\n\n<p>Intervienen, por las diversas causas formadas \u2013tres en total- la <strong>Ayudant\u00eda Fiscal de Delitos de Abigeato y conexos, el Juzgado de Faltas local y el Ministerio de Desarrollo Agrario provincial.<\/strong><\/p>\n","protected":false},"excerpt":{"rendered":"<p>Tras la requisa policial, detectaron que 4 de ellos ten\u00edan due\u00f1o y no hab\u00edan sido devueltos. Dos hombres de 55<\/p>\n","protected":false},"author":2,"featured_media":110551,"comment_status":"closed","ping_status":"closed","sticky":false,"template":"","format":"standard","meta":{"_jetpack_memberships_contains_paid_content":false,"footnotes":""},"categories":[14,1],"tags":[],"class_list":["post-110550","post","type-post","status-publish","format-standard","has-post-thumbnail","hentry","category-policiales","category-portada"],"jetpack_featured_media_url":"https:\/\/i0.wp.com\/cdnoticias.com\/wp-content\/uploads\/2024\/03\/WhatsApp-Image-2024-03-06-at-20.48.22.jpeg?fit=1380%2C759&ssl=1","jetpack_sharing_enabled":true,"_links":{"self":[{"href":"https:\/\/cdnoticias.com\/index.php\/wp-json\/wp\/v2\/posts\/110550","targetHints":{"allow":["GET"]}}],"collection":[{"href":"https:\/\/cdnoticias.com\/index.php\/wp-json\/wp\/v2\/posts"}],"about":[{"href":"https:\/\/cdnoticias.com\/index.php\/wp-json\/wp\/v2\/types\/post"}],"author":[{"embeddable":true,"href":"https:\/\/cdnoticias.com\/index.php\/wp-json\/wp\/v2\/users\/2"}],"replies":[{"embeddable":true,"href":"https:\/\/cdnoticias.com\/index.php\/wp-json\/wp\/v2\/comments?post=110550"}],"version-history":[{"count":0,"href":"https:\/\/cdnoticias.com\/index.php\/wp-json\/wp\/v2\/posts\/110550\/revisions"}],"wp:featuredmedia":[{"embeddable":true,"href":"https:\/\/cdnoticias.com\/index.php\/wp-json\/wp\/v2\/media\/110551"}],"wp:attachment":[{"href":"https:\/\/cdnoticias.com\/index.php\/wp-json\/wp\/v2\/media?parent=110550"}],"wp:term":[{"taxonomy":"category","embeddable":true,"href":"https:\/\/cdnoticias.com\/index.php\/wp-json\/wp\/v2\/categories?post=110550"},{"taxonomy":"post_tag","embeddable":true,"href":"https:\/\/cdnoticias.com\/index.php\/wp-json\/wp\/v2\/tags?post=110550"}],"curies":[{"name":"wp","href":"https:\/\/api.w.org\/{rel}","templated":true}]}}