{"id":110546,"date":"2024-03-08T10:34:51","date_gmt":"2024-03-08T13:34:51","guid":{"rendered":"https:\/\/cdnoticias.com\/?p=110546"},"modified":"2024-03-08T10:34:54","modified_gmt":"2024-03-08T13:34:54","slug":"dia-de-la-mujer-en-sierras-bayas-reconoceran-a-mujeres-destacadas","status":"publish","type":"post","link":"https:\/\/cdnoticias.com\/index.php\/2024\/03\/08\/dia-de-la-mujer-en-sierras-bayas-reconoceran-a-mujeres-destacadas\/","title":{"rendered":"D\u00eda de la Mujer en Sierras Bayas: reconocer\u00e1n a mujeres destacadas"},"content":{"rendered":"\n<p>Ser\u00e1 este s\u00e1bado con entrada libre y gratuita. Adem\u00e1s habr\u00e1 un cierre musical a cargo del grupo art\u00edstico La Maywa.<\/p>\n\n\n\n<hr class=\"wp-block-separator aligncenter has-alpha-channel-opacity\"\/>\n\n\n\n<p>En el marco del mes de la mujer, el <strong>Centro Cultural de Sierras Bayas<\/strong> realizar\u00e1 una actividad este <strong>s\u00e1bado a las 20:30 horas<\/strong>, con <strong>entrada libre y gratuita.<\/strong><\/p>\n\n\n\n<p><\/p>\n\n\n\n<blockquote class=\"wp-block-quote is-layout-flow wp-block-quote-is-layout-flow\">\n<p>La jornada comprende el reconocimiento a mujeres destacadas que han sido propuestas por las instituciones de la localidad.<\/p>\n<\/blockquote>\n\n\n\n<p><\/p>\n\n\n\n<p>Por \u00faltimo, habr\u00e1 <strong>cierre musical a cargo del grupo art\u00edstico La Maywa<\/strong>, integrado por Mariana Mart\u00ednez, Malena Pallero y Mart\u00edn Saavedra.<\/p>\n","protected":false},"excerpt":{"rendered":"<p>Ser\u00e1 este s\u00e1bado con entrada libre y gratuita. Adem\u00e1s habr\u00e1 un cierre musical a cargo del grupo art\u00edstico La Maywa.<\/p>\n","protected":false},"author":6,"featured_media":110547,"comment_status":"closed","ping_status":"closed","sticky":false,"template":"","format":"standard","meta":{"_jetpack_memberships_contains_paid_content":false,"footnotes":""},"categories":[3,1],"tags":[],"class_list":["post-110546","post","type-post","status-publish","format-standard","has-post-thumbnail","hentry","category-genero","category-portada"],"jetpack_featured_media_url":"https:\/\/i0.wp.com\/cdnoticias.com\/wp-content\/uploads\/2024\/03\/dia-de-la-mujer-sierras-bayas.jpg?fit=900%2C505&ssl=1","jetpack_sharing_enabled":true,"_links":{"self":[{"href":"https:\/\/cdnoticias.com\/index.php\/wp-json\/wp\/v2\/posts\/110546","targetHints":{"allow":["GET"]}}],"collection":[{"href":"https:\/\/cdnoticias.com\/index.php\/wp-json\/wp\/v2\/posts"}],"about":[{"href":"https:\/\/cdnoticias.com\/index.php\/wp-json\/wp\/v2\/types\/post"}],"author":[{"embeddable":true,"href":"https:\/\/cdnoticias.com\/index.php\/wp-json\/wp\/v2\/users\/6"}],"replies":[{"embeddable":true,"href":"https:\/\/cdnoticias.com\/index.php\/wp-json\/wp\/v2\/comments?post=110546"}],"version-history":[{"count":0,"href":"https:\/\/cdnoticias.com\/index.php\/wp-json\/wp\/v2\/posts\/110546\/revisions"}],"wp:featuredmedia":[{"embeddable":true,"href":"https:\/\/cdnoticias.com\/index.php\/wp-json\/wp\/v2\/media\/110547"}],"wp:attachment":[{"href":"https:\/\/cdnoticias.com\/index.php\/wp-json\/wp\/v2\/media?parent=110546"}],"wp:term":[{"taxonomy":"category","embeddable":true,"href":"https:\/\/cdnoticias.com\/index.php\/wp-json\/wp\/v2\/categories?post=110546"},{"taxonomy":"post_tag","embeddable":true,"href":"https:\/\/cdnoticias.com\/index.php\/wp-json\/wp\/v2\/tags?post=110546"}],"curies":[{"name":"wp","href":"https:\/\/api.w.org\/{rel}","templated":true}]}}