{"id":110533,"date":"2024-03-07T18:03:41","date_gmt":"2024-03-07T21:03:41","guid":{"rendered":"https:\/\/cdnoticias.com\/?p=110533"},"modified":"2024-03-07T18:03:43","modified_gmt":"2024-03-07T21:03:43","slug":"juicio-la-huerta-se-llevo-a-cabo-la-audiencia-numero-50-en-su-tercer-ano","status":"publish","type":"post","link":"https:\/\/cdnoticias.com\/index.php\/2024\/03\/07\/juicio-la-huerta-se-llevo-a-cabo-la-audiencia-numero-50-en-su-tercer-ano\/","title":{"rendered":"Juicio La Huerta: se llev\u00f3 a cabo la audiencia n\u00famero 50 en su tercer a\u00f1o"},"content":{"rendered":"\n<p><\/p>\n\n\n\n<p>A pesar del tiempo transcurrido, los familiares y las v\u00edctimas\u00a0 contin\u00faan dando testimonio sobre lo que sufrieron sus seres queridos y sus familias. La pr\u00f3xima audiencia ser\u00e1 este viernes.<\/p>\n\n\n\n<hr class=\"wp-block-separator aligncenter has-alpha-channel-opacity\"\/>\n\n\n\n<p><em>Por: Soledad Restivo &#8211; Agencia Comunica\/FACSO-UNICEN<\/em><\/p>\n\n\n\n<p><\/p>\n\n\n\n<p>El pasado <strong>23 de febrero <\/strong>se celebr\u00f3 la <strong>audiencia n\u00famero 50<\/strong> en el <strong>juicio por delitos de lesa humanidad <\/strong>cometidos en lo que se denomin\u00f3 el circuito represivo subzona 12, durante la<strong> \u00faltima dictadura c\u00edvico-militar<\/strong> eclesi\u00e1stica.<\/p>\n\n\n\n<p><\/p>\n\n\n\n<p>Esta zona abarc\u00f3 todo el centro-sudeste de la provincia de Buenos Aires. La extensi\u00f3n del proceso juega en contra de la reconstrucci\u00f3n de cada caso. En esta jornada se escucharon <strong>dos declaraciones de familiares de v\u00edctimas<\/strong>, mientras que <strong>dos personas no pudieron declarar por la edad <\/strong>y el estado de salud: Carlos Alberto Dume y Marcelo De Prado.<\/p>\n\n\n\n<p><\/p>\n\n\n\n<p>Primero declar\u00f3 <strong>Ana Mar\u00eda Urruti, <\/strong>quien ten\u00eda 18 a\u00f1os cuando se llevaron preso a su pareja,<strong> Alberto Pedro Casemajor, <\/strong>de 20 a\u00f1os.<\/p>\n\n\n\n<p><\/p>\n\n\n\n<p>En enero de 1976, Alberto era estudiante de Ciencias Econ\u00f3micas en La Plata y <strong>militante del Partido Socialista de los Trabajadores (PST)<\/strong>, hab\u00eda viajado a Laprida para visitar a su madre, que estaba enferma. All\u00ed fue <strong>detenido ilegalmente<\/strong> por un comando militar. Tras su detenci\u00f3n, Casemajor estuvo <strong>desaparecido durante varios meses,<\/strong> durante los cuales su familia desconoc\u00eda su paradero y su situaci\u00f3n.<\/p>\n\n\n\n<p><\/p>\n\n\n\n<p>Ana Mar\u00eda tambi\u00e9n mencion\u00f3 que <strong>el ej\u00e9rcito allan\u00f3 su casa<\/strong> en La Plata y se llevaron todas las pertenencias que pudieron, incluyendo joyas de oro y electrodom\u00e9sticos.<\/p>\n\n\n\n<p><\/p>\n\n\n\n<p>Este allanamiento se produjo poco despu\u00e9s de la detenci\u00f3n de Casemajor, lo que gener\u00f3 un clima de temor e incertidumbre en la familia. Despu\u00e9s de su liberaci\u00f3n, Alberto sufri\u00f3 un brote psic\u00f3tico como consecuencia de las torturas que hab\u00eda sufrido y fue <strong>internado en un instituto psiqui\u00e1trico<\/strong> en La Plata.<\/p>\n\n\n\n<p><\/p>\n\n\n\n<p>Falleci\u00f3 a mediados del a\u00f1o pasado. A Ana Mar\u00eda le cuesta hilvanar la historia. A los a\u00f1os que pasaron desde el momento de los hechos, la edad de las v\u00edctimas y testimoniantes se suman a las imposibilidades t\u00e9cnicas, lo que dificulta a\u00fan m\u00e1s su relato.<\/p>\n\n\n\n<p><\/p>\n\n\n\n<p>Luego, dio su testimonio ante el Tribunal Oral Federal de Mar del Plata, integrado por los doctores Tosseli, Imas y Machado Peloni, <strong>Marisa Hydee\u00e9 Bellingeri,<\/strong> en una causa relacionada con hechos que afectaron a <strong>Clelia Alina Stiernemann<\/strong>, su madre.<\/p>\n\n\n\n<p><\/p>\n\n\n\n<p>Marisa relat\u00f3 que <strong>su madre fue detenida el 10 de noviembre de 1975<\/strong> por fuerzas de seguridad que llegaron a su casa cuando ella y su hermano eran ni\u00f1os. Clelia les hab\u00eda dado permiso para ir al club, pero al regresar, encontraron la casa rodeada de autos y personas que dec\u00edan ser del Poder Ejecutivo y que buscaban a su madre. Despu\u00e9s de un tiempo sin noticias, descubrieron que su madre <strong>estaba detenida en el penal de Azul.<\/strong><\/p>\n\n\n\n<p><\/p>\n\n\n\n<p>Marisa describi\u00f3 una <strong>serie de allanamientos<\/strong> en la casa de sus abuelos y en la suya propia. Tambi\u00e9n mencion\u00f3 que durante el allanamiento, le preguntaron sobre una foto de los Beatles que ten\u00eda en su habitaci\u00f3n.<\/p>\n\n\n\n<p><\/p>\n\n\n\n<p>Clelia Alina fue trasladada del penal de Azul al penal de Devoto, donde estuvo aproximadamente cinco meses. Durante su detenci\u00f3n, su madre fue objeto de interrogatorios en los que <strong>le ofrec\u00edan la libertad a cambio de firmar declaraciones falsas, lo cual ella rechaz\u00f3.<\/strong><\/p>\n\n\n\n<p><\/p>\n\n\n\n<p>Despu\u00e9s de recuperar la libertad, <strong>estuvo bajo libertad vigilada durante un a\u00f1o<\/strong>, debiendo presentarse semanalmente en la comisar\u00eda. Marisa destac\u00f3 que, a pesar de todo, su madre nunca se dobleg\u00f3 y siempre mantuvo su integridad y su lucha por la verdad.<\/p>\n\n\n\n<p><\/p>\n\n\n\n<p>La <strong>pr\u00f3xima audiencia se realizar\u00e1 este viernes 8 de marzo desde las 8:30<\/strong> <strong>y ser\u00e1 retransmitida,<\/strong> para que la ciudadan\u00eda pueda visualizar y acompa\u00f1ar el proceso, en el Aula Magna del Rectorado de la UNICEN (Tandil), en el Laboratorio de Idiomas del Edificio de Aulas Comunes del Complejo Universitario de Olavarr\u00eda y en el Centro de Investigaci\u00f3n y Postgrado de Azul, Bol\u00edvar 481.<\/p>\n\n\n\n<p><\/p>\n","protected":false},"excerpt":{"rendered":"<p>A pesar del tiempo transcurrido, los familiares y las v\u00edctimas\u00a0 contin\u00faan dando testimonio sobre lo que sufrieron sus seres queridos<\/p>\n","protected":false},"author":6,"featured_media":110534,"comment_status":"closed","ping_status":"closed","sticky":false,"template":"","format":"standard","meta":{"_jetpack_memberships_contains_paid_content":false,"footnotes":""},"categories":[5,1],"tags":[],"class_list":["post-110533","post","type-post","status-publish","format-standard","has-post-thumbnail","hentry","category-informacion-general","category-portada"],"jetpack_featured_media_url":"https:\/\/i0.wp.com\/cdnoticias.com\/wp-content\/uploads\/2024\/03\/juicio-la-huerta-audiencia-50.png?fit=900%2C634&ssl=1","jetpack_sharing_enabled":true,"_links":{"self":[{"href":"https:\/\/cdnoticias.com\/index.php\/wp-json\/wp\/v2\/posts\/110533","targetHints":{"allow":["GET"]}}],"collection":[{"href":"https:\/\/cdnoticias.com\/index.php\/wp-json\/wp\/v2\/posts"}],"about":[{"href":"https:\/\/cdnoticias.com\/index.php\/wp-json\/wp\/v2\/types\/post"}],"author":[{"embeddable":true,"href":"https:\/\/cdnoticias.com\/index.php\/wp-json\/wp\/v2\/users\/6"}],"replies":[{"embeddable":true,"href":"https:\/\/cdnoticias.com\/index.php\/wp-json\/wp\/v2\/comments?post=110533"}],"version-history":[{"count":0,"href":"https:\/\/cdnoticias.com\/index.php\/wp-json\/wp\/v2\/posts\/110533\/revisions"}],"wp:featuredmedia":[{"embeddable":true,"href":"https:\/\/cdnoticias.com\/index.php\/wp-json\/wp\/v2\/media\/110534"}],"wp:attachment":[{"href":"https:\/\/cdnoticias.com\/index.php\/wp-json\/wp\/v2\/media?parent=110533"}],"wp:term":[{"taxonomy":"category","embeddable":true,"href":"https:\/\/cdnoticias.com\/index.php\/wp-json\/wp\/v2\/categories?post=110533"},{"taxonomy":"post_tag","embeddable":true,"href":"https:\/\/cdnoticias.com\/index.php\/wp-json\/wp\/v2\/tags?post=110533"}],"curies":[{"name":"wp","href":"https:\/\/api.w.org\/{rel}","templated":true}]}}