{"id":110531,"date":"2024-03-06T18:33:29","date_gmt":"2024-03-06T21:33:29","guid":{"rendered":"https:\/\/cdnoticias.com\/?p=110531"},"modified":"2024-03-07T08:15:26","modified_gmt":"2024-03-07T11:15:26","slug":"alcoholemias-positivas-retencion-de-rodados-e-infracciones-a-la-ley-de-transito","status":"publish","type":"post","link":"https:\/\/cdnoticias.com\/index.php\/2024\/03\/06\/alcoholemias-positivas-retencion-de-rodados-e-infracciones-a-la-ley-de-transito\/","title":{"rendered":"Alcoholemias positivas, retenci\u00f3n de rodados e infracciones a la Ley de Tr\u00e1nsito"},"content":{"rendered":"\n<p>Las intervenciones fueron hechas por la Subsecretar\u00eda de Protecci\u00f3n Ciudadana del Municipio durante el \u00faltimo fin de semana.<\/p>\n\n\n\n<hr class=\"wp-block-separator aligncenter has-alpha-channel-opacity\"\/>\n\n\n\n<p>Desde la <strong>Subsecretar\u00eda de Protecci\u00f3n Ciudadana<\/strong> del Municipio se inform\u00f3 el saldo de las distintas <strong>tareas preventivas desplegadas durante el \u00faltimo fin de semana.<\/strong><\/p>\n\n\n\n<p><\/p>\n\n\n\n<p>En el detalle elaborado se expuso que fueron retenidos varios rodados, entre autom\u00f3viles y motos, por distintas infracciones la Ley de Tr\u00e1nsito. Todas las actuaciones fueron puestas a disposici\u00f3n del Juzgado de Faltas Municipal.<\/p>\n\n\n\n<p><\/p>\n\n\n\n<p>Una de las intervenciones se dio en torno al conductor de un Volkswagen Gol que<strong> protagoniz\u00f3 un siniestro vial sin heridos<\/strong>. El <strong>test de alcoholemia result\u00f3 positivo<\/strong> y, a la par, se detect\u00f3 luego que carec\u00eda de seguro obligatorio, por lo que el auto fue retenido.<\/p>\n\n\n\n<p><\/p>\n\n\n\n<p>A la par, tambi\u00e9n <strong>se retuvo un rodado<\/strong> que en principio se encontraba realizando \u201c<strong>ruidos molestos<\/strong>\u201d, pero que al notar la presencia policial intent\u00f3 darse a la fuga tomando calles en contramano y <strong>cruzando sem\u00e1foros en rojo<\/strong>, en una secuencia que fue registrada desde el Centro de Monitoreo Municipal.<\/p>\n\n\n\n<p><\/p>\n\n\n\n<blockquote class=\"wp-block-quote is-layout-flow wp-block-quote-is-layout-flow\">\n<p>Al ser interceptado se constat\u00f3 que carec\u00eda de seguro obligatorio, VTV,\u00a0 licencia de conducir y la c\u00e9dula verde no estaba a su nombre.<\/p>\n<\/blockquote>\n\n\n\n<p><\/p>\n\n\n\n<p>En otro de los casos, <strong>un autom\u00f3vil se encontraba obstruyendo un garaje<\/strong>. \u201c<em>Luego de una considerable espera y sin respuesta en los intentos con dar con el propietario del rodado<\/em>\u201d se procedi\u00f3 al traslado del rodado al Corral\u00f3n Municipal.<\/p>\n\n\n\n<p><\/p>\n\n\n\n<p>Tambi\u00e9n<strong> se retuvo un veh\u00edculo que era utilizado como remis<\/strong> al detectar que <strong>no pose\u00eda la habilitaci\u00f3n para esa funci\u00f3n.<\/strong> Vale mencionar que la interceptaci\u00f3n e identificaci\u00f3n del rodado se produjo luego de que <strong>cruzara en rojo dos sem\u00e1foros.<\/strong><\/p>\n\n\n\n<p><\/p>\n\n\n\n<p>Por \u00faltimo, <strong>se retuvo un ciclomotor tambi\u00e9n por cruzar un sem\u00e1foro en rojo,<\/strong> en este caso el del cruce de las avenidas Col\u00f3n y Pringles. Al ser identificado se constat\u00f3 que carec\u00eda de toda la documentaci\u00f3n habilitante, adem\u00e1s de que la moto no pose\u00eda chapa patente.<\/p>\n","protected":false},"excerpt":{"rendered":"<p>Las intervenciones fueron hechas por la Subsecretar\u00eda de Protecci\u00f3n Ciudadana del Municipio durante el \u00faltimo fin de semana. Desde la<\/p>\n","protected":false},"author":6,"featured_media":110539,"comment_status":"closed","ping_status":"closed","sticky":false,"template":"","format":"standard","meta":{"_jetpack_memberships_contains_paid_content":false,"footnotes":""},"categories":[14,1],"tags":[],"class_list":["post-110531","post","type-post","status-publish","format-standard","has-post-thumbnail","hentry","category-policiales","category-portada"],"jetpack_featured_media_url":"https:\/\/i0.wp.com\/cdnoticias.com\/wp-content\/uploads\/2024\/03\/proteccion-ciudadana.jpg?fit=1024%2C619&ssl=1","jetpack_sharing_enabled":true,"_links":{"self":[{"href":"https:\/\/cdnoticias.com\/index.php\/wp-json\/wp\/v2\/posts\/110531","targetHints":{"allow":["GET"]}}],"collection":[{"href":"https:\/\/cdnoticias.com\/index.php\/wp-json\/wp\/v2\/posts"}],"about":[{"href":"https:\/\/cdnoticias.com\/index.php\/wp-json\/wp\/v2\/types\/post"}],"author":[{"embeddable":true,"href":"https:\/\/cdnoticias.com\/index.php\/wp-json\/wp\/v2\/users\/6"}],"replies":[{"embeddable":true,"href":"https:\/\/cdnoticias.com\/index.php\/wp-json\/wp\/v2\/comments?post=110531"}],"version-history":[{"count":0,"href":"https:\/\/cdnoticias.com\/index.php\/wp-json\/wp\/v2\/posts\/110531\/revisions"}],"wp:featuredmedia":[{"embeddable":true,"href":"https:\/\/cdnoticias.com\/index.php\/wp-json\/wp\/v2\/media\/110539"}],"wp:attachment":[{"href":"https:\/\/cdnoticias.com\/index.php\/wp-json\/wp\/v2\/media?parent=110531"}],"wp:term":[{"taxonomy":"category","embeddable":true,"href":"https:\/\/cdnoticias.com\/index.php\/wp-json\/wp\/v2\/categories?post=110531"},{"taxonomy":"post_tag","embeddable":true,"href":"https:\/\/cdnoticias.com\/index.php\/wp-json\/wp\/v2\/tags?post=110531"}],"curies":[{"name":"wp","href":"https:\/\/api.w.org\/{rel}","templated":true}]}}