{"id":110526,"date":"2024-03-06T19:31:22","date_gmt":"2024-03-06T22:31:22","guid":{"rendered":"https:\/\/cdnoticias.com\/?p=110526"},"modified":"2024-03-06T19:31:24","modified_gmt":"2024-03-06T22:31:24","slug":"vacaciones-se-movilizaron-137-menos-turistas-que-el-verano-pasado","status":"publish","type":"post","link":"https:\/\/cdnoticias.com\/index.php\/2024\/03\/06\/vacaciones-se-movilizaron-137-menos-turistas-que-el-verano-pasado\/","title":{"rendered":"Vacaciones: se movilizaron 13,7% menos turistas que el verano pasado"},"content":{"rendered":"\n<p>Seg\u00fan CAME, la temporada cerr\u00f3 con 29,2 millones de turistas que recorrieron el pa\u00eds, lo que arroj\u00f3 un impacto econ\u00f3mico de $ 5 billones.<\/p>\n\n\n\n<hr class=\"wp-block-separator aligncenter has-alpha-channel-opacity\"\/>\n\n\n\n<p>Ya pasaron las vacaciones de verano para el grueso de la poblaci\u00f3n y el balance indica que <strong>entre el 15 de diciembre y el 29 de febrero se redujo 13,7% la cantidad de turistas movilizados <\/strong>en comparaci\u00f3n con la temporada anterior, que hab\u00eda marcado un r\u00e9cord.<\/p>\n\n\n\n<p><\/p>\n\n\n\n<p>Seg\u00fan la Confederaci\u00f3n Argentina de la Mediana Empresa (CAME), <strong>la temporada cerr\u00f3 con 29,2 millones de turistas que recorrieron el pa\u00eds, lo que arroj\u00f3 un impacto econ\u00f3mico de 5 billones de pesos.<\/strong><\/p>\n\n\n\n<p><\/p>\n\n\n\n<blockquote class=\"wp-block-quote is-layout-flow wp-block-quote-is-layout-flow\">\n<p>En cantidad de gente, represent\u00f3 una reducci\u00f3n de 13,7% respecto del mismo per\u00edodo del a\u00f1o anterior. De acuerdo con el informe, a una segunda quincena de diciembre y una primera de enero con poca circulaci\u00f3n de turistas, le sigui\u00f3 un febrero de repunte, acompa\u00f1ado por promociones y mejores pol\u00edticas de precios.<\/p>\n<\/blockquote>\n\n\n\n<p><\/p>\n\n\n\n<p>Por \u00faltimo, se indic\u00f3 que <strong>la estad\u00eda media fue de 3,9 d\u00edas, contra 4,1 d\u00edas de la temporada 2023<\/strong>. Los incrementos de precios, que quedaron desacoplados de los ingresos, llev\u00f3 a que muchas familias <strong>cancelen viajes o achiquen su tiempo de permanencia.<\/strong> No obstante, el turista internacional acompa\u00f1\u00f3 toda la temporada y permiti\u00f3 finalizar con una ca\u00edda menos marcada de lo que inicialmente parec\u00eda ser.<\/p>\n\n\n\n<p><\/p>\n\n\n\n<p><em>Fuente: DIB<\/em><\/p>\n","protected":false},"excerpt":{"rendered":"<p>Seg\u00fan CAME, la temporada cerr\u00f3 con 29,2 millones de turistas que recorrieron el pa\u00eds, lo que arroj\u00f3 un impacto econ\u00f3mico<\/p>\n","protected":false},"author":6,"featured_media":4163,"comment_status":"closed","ping_status":"closed","sticky":false,"template":"","format":"standard","meta":{"_jetpack_memberships_contains_paid_content":false,"footnotes":""},"categories":[6,1],"tags":[],"class_list":["post-110526","post","type-post","status-publish","format-standard","has-post-thumbnail","hentry","category-nacionales","category-portada"],"jetpack_featured_media_url":"https:\/\/i0.wp.com\/cdnoticias.com\/wp-content\/uploads\/2020\/10\/playa.jpg?fit=1004%2C565&ssl=1","jetpack_sharing_enabled":true,"_links":{"self":[{"href":"https:\/\/cdnoticias.com\/index.php\/wp-json\/wp\/v2\/posts\/110526","targetHints":{"allow":["GET"]}}],"collection":[{"href":"https:\/\/cdnoticias.com\/index.php\/wp-json\/wp\/v2\/posts"}],"about":[{"href":"https:\/\/cdnoticias.com\/index.php\/wp-json\/wp\/v2\/types\/post"}],"author":[{"embeddable":true,"href":"https:\/\/cdnoticias.com\/index.php\/wp-json\/wp\/v2\/users\/6"}],"replies":[{"embeddable":true,"href":"https:\/\/cdnoticias.com\/index.php\/wp-json\/wp\/v2\/comments?post=110526"}],"version-history":[{"count":0,"href":"https:\/\/cdnoticias.com\/index.php\/wp-json\/wp\/v2\/posts\/110526\/revisions"}],"wp:featuredmedia":[{"embeddable":true,"href":"https:\/\/cdnoticias.com\/index.php\/wp-json\/wp\/v2\/media\/4163"}],"wp:attachment":[{"href":"https:\/\/cdnoticias.com\/index.php\/wp-json\/wp\/v2\/media?parent=110526"}],"wp:term":[{"taxonomy":"category","embeddable":true,"href":"https:\/\/cdnoticias.com\/index.php\/wp-json\/wp\/v2\/categories?post=110526"},{"taxonomy":"post_tag","embeddable":true,"href":"https:\/\/cdnoticias.com\/index.php\/wp-json\/wp\/v2\/tags?post=110526"}],"curies":[{"name":"wp","href":"https:\/\/api.w.org\/{rel}","templated":true}]}}