{"id":110504,"date":"2024-03-07T13:50:14","date_gmt":"2024-03-07T16:50:14","guid":{"rendered":"https:\/\/cdnoticias.com\/?p=110504"},"modified":"2024-03-07T19:10:28","modified_gmt":"2024-03-07T22:10:28","slug":"oscar-lopez-el-valor-del-agua-deberia-aumentar-alrededor-del-230","status":"publish","type":"post","link":"https:\/\/cdnoticias.com\/index.php\/2024\/03\/07\/oscar-lopez-el-valor-del-agua-deberia-aumentar-alrededor-del-230\/","title":{"rendered":"Oscar L\u00f3pez: el valor del agua \u201cdeber\u00eda aumentar alrededor del 230%\u201d"},"content":{"rendered":"<p>El gerente de Coopelectric resalt\u00f3 la necesidad de actualizar la tarifa del servicio de obras sanitarias. Adem\u00e1s, habl\u00f3 de la quita de subsidios a la luz y afirm\u00f3 que \u201cun servicio de calidad \u201ctiene un costo\u201d sino \u201cempieza a decaer\u201d.<!--more--><\/p>\n<hr \/>\n<p>El <strong>gerente de Coopelectric, Oscar L\u00f3pez,<\/strong> afirm\u00f3 que el servicio de obras sanitarias en Olavarr\u00eda <strong>\u201cdeber\u00eda aumentar alrededor del 230%\u201d.<\/strong> En di\u00e1logo con el programa <em>Levantate (FM Sapiens)<\/em> asegur\u00f3 que \u201cel porcentaje parece alto, pero me parece que lo importante son los valores reales que la gente paga de bolsillo\u201d.<\/p>\n<p>En ese sentido, calcul\u00f3 que los usuarios actualmente abonan \u201centre 2.000 y 2.200 pesos mensuales\u201d y estim\u00f3 que <strong>pasar\u00e1n a pagar \u201centre 5.000 y 6.000 peso para un consumo normal de un hogar de 15 metros c\u00fabicos por mes\u201d.<\/strong><\/p>\n<p>Oscar L\u00f3pez, indic\u00f3 que la<strong> audiencia p\u00fablica<\/strong> en el que se expondr\u00e1 el tema se realizar\u00e1 el 25 de marzo y las personas que quieran participar deben inscribirse. \u201cHay una p\u00e1gina web y si quieren hablar se les da un turno y tienen cinco minutos para exponer su opini\u00f3n sobre el tema\u201d, resalt\u00f3 y agreg\u00f3: \u201ces una ley que est\u00e1 en todo el pa\u00eds, no vinculante. La decisi\u00f3n sobre la actualizaci\u00f3n tarifaria en el caso de Olavarr\u00eda la tiene el Concejo Deliberante\u201d.<\/p>\n<blockquote><p>Reconoci\u00f3 que la situaci\u00f3n financiera de la Cooperativa \u201cest\u00e1 muy mal\u201d y que \u201ctodos nuestros servicios est\u00e1n totalmente atrasados con respecto a la terrible inflaci\u00f3n que hemos tenido en el \u00faltimo a\u00f1o\u201d.<\/p><\/blockquote>\n<p>Otro de los temas sobre los que fue consultado es la<strong> quita de subsidios a las tarifas el\u00e9ctricas.<\/strong> El gerente de Coopelectric explic\u00f3 que \u201cla luz que nosotros emitimos tiene por un lado <strong>la energ\u00eda<\/strong> que nosotros compramos para d\u00e1rsela al usuario, ese es un costo que se maneja a nivel nacional y lo aplica el Ministerio de Econom\u00eda\u201d.<\/p>\n<p>\u201cEse valor en parte hasta ahora ha estado subsidiado en algunos niveles de consumo. <strong>A partir de mayo por lo que ha dicho el gobierno nacional, se eliminan todos los subsidios a las tarifas el\u00e9ctricas<\/strong> y el subsidio va a llegar directamente por alg\u00fan mecanismo que crear\u00e1 el gobierno a los usuarios que lo necesiten\u201d, se\u00f1al\u00f3 L\u00f3pez.<\/p>\n<p>Por otro lado, \u201ctenemos el <strong>valor agregado de distribuci\u00f3n<\/strong> que es la remuneraci\u00f3n que tendr\u00eda que cobrar Coopelectric para mantener su l\u00ednea y prestar el servicio en condiciones, esto est\u00e1 trat\u00e1ndose en la Provincia porque si bien las concesiones son municipales el tema tarifario lo fija la provincia. Ah\u00ed estamos hablando de una actualizaci\u00f3n que tendr\u00eda que rondar entre el 270% a 380%\u201d.<\/p>\n<blockquote><p>Por \u00faltimo, Oscar L\u00f3pez consider\u00f3 que \u201clas tarifas se fijan en funci\u00f3n al servicio. Si vos quer\u00e9s pedir un servicio que en verano el agua te llega al tanque o si ten\u00e9s un problema en 24 horas lo tengas solucionado, eso tiene un costo\u201d.<\/p><\/blockquote>\n<p>\u201c<strong>Si vos no ten\u00e9s fondo para eso el servicio empieza a decaer<\/strong>, lamentablemente el que sufre el usuario y entonces este empieza a presentar quejas razonables de una calidad de servicio que quiere tener, pero no est\u00e1 pagando por lo que cuesta ese servicio\u201d, concluy\u00f3 el gerente de Coopelectric.<\/p>\n","protected":false},"excerpt":{"rendered":"<p>El gerente de Coopelectric resalt\u00f3 la necesidad de actualizar la tarifa del servicio de obras sanitarias. Adem\u00e1s, habl\u00f3 de la<\/p>\n","protected":false},"author":2,"featured_media":2010,"comment_status":"closed","ping_status":"closed","sticky":false,"template":"","format":"standard","meta":{"_jetpack_memberships_contains_paid_content":false,"footnotes":""},"categories":[5,1],"tags":[],"class_list":["post-110504","post","type-post","status-publish","format-standard","has-post-thumbnail","hentry","category-informacion-general","category-portada"],"jetpack_featured_media_url":"https:\/\/i0.wp.com\/cdnoticias.com\/wp-content\/uploads\/2020\/09\/Coopelectric.jpeg?fit=1280%2C853&ssl=1","jetpack_sharing_enabled":true,"_links":{"self":[{"href":"https:\/\/cdnoticias.com\/index.php\/wp-json\/wp\/v2\/posts\/110504","targetHints":{"allow":["GET"]}}],"collection":[{"href":"https:\/\/cdnoticias.com\/index.php\/wp-json\/wp\/v2\/posts"}],"about":[{"href":"https:\/\/cdnoticias.com\/index.php\/wp-json\/wp\/v2\/types\/post"}],"author":[{"embeddable":true,"href":"https:\/\/cdnoticias.com\/index.php\/wp-json\/wp\/v2\/users\/2"}],"replies":[{"embeddable":true,"href":"https:\/\/cdnoticias.com\/index.php\/wp-json\/wp\/v2\/comments?post=110504"}],"version-history":[{"count":0,"href":"https:\/\/cdnoticias.com\/index.php\/wp-json\/wp\/v2\/posts\/110504\/revisions"}],"wp:featuredmedia":[{"embeddable":true,"href":"https:\/\/cdnoticias.com\/index.php\/wp-json\/wp\/v2\/media\/2010"}],"wp:attachment":[{"href":"https:\/\/cdnoticias.com\/index.php\/wp-json\/wp\/v2\/media?parent=110504"}],"wp:term":[{"taxonomy":"category","embeddable":true,"href":"https:\/\/cdnoticias.com\/index.php\/wp-json\/wp\/v2\/categories?post=110504"},{"taxonomy":"post_tag","embeddable":true,"href":"https:\/\/cdnoticias.com\/index.php\/wp-json\/wp\/v2\/tags?post=110504"}],"curies":[{"name":"wp","href":"https:\/\/api.w.org\/{rel}","templated":true}]}}