{"id":110492,"date":"2024-03-06T11:16:13","date_gmt":"2024-03-06T14:16:13","guid":{"rendered":"https:\/\/cdnoticias.com\/?p=110492"},"modified":"2024-03-06T11:20:17","modified_gmt":"2024-03-06T14:20:17","slug":"hilario-galli-un-discurso-buscando-culpables-pero-sin-buscar-las-soluciones","status":"publish","type":"post","link":"https:\/\/cdnoticias.com\/index.php\/2024\/03\/06\/hilario-galli-un-discurso-buscando-culpables-pero-sin-buscar-las-soluciones\/","title":{"rendered":"Hilario Galli: \u201cUn discurso buscando culpables, pero sin buscar las soluciones\u201d"},"content":{"rendered":"<p>Para el concejal de Juntos, las palabras del Intendente en el HCD fueron \u201cesperables\u201d: \u201cel discurso queda vac\u00edo y segmentado a una cuesti\u00f3n pol\u00edtica y de campa\u00f1a\u201d dijo. Rechaz\u00f3 los se\u00f1alamientos a la gesti\u00f3n de Ezequiel Galli: \u201cestamos en el ranking 1 de transparencia a nivel nacional\u201d.<\/p>\n<p><!--more--><\/p>\n<hr \/>\n<p>El <strong>concejal de Juntos, Hilario Galli<\/strong>, fue entrevistado tras el <a href=\"https:\/\/cdnoticias.com\/index.php\/2024\/03\/06\/sin-esquivar-los-conflictos-wesner-abrio-las-sesiones-ordinarias-con-mucho-anuncios\/\" target=\"_blank\" rel=\"noopener\">acto de apertura de sesiones en el Concejo Deliberante<\/a>. Cuestion\u00f3 las palabras del intendente Maximiliano Wesner al se\u00f1alar<strong> \u201cla parte cr\u00edtica que le hago al kirchnerismo, que hasta ahora nunca se hizo cargo de los problemas que ellos mismos generan\u201d<\/strong>. En esa l\u00ednea, <strong>defendi\u00f3 la gesti\u00f3n de Ezequiel Galli<\/strong>, de la que \u00e9l mismo fue parte protag\u00f3nica, y hasta <strong>salv\u00f3 a Javier Milei<\/strong>.<\/p>\n<blockquote><p>\u201cUn discurso esperable porque ya hace varias semanas que viene manejando una misma l\u00ednea, una l\u00ednea de siempre echarle la culpa a otro. En su caso, al d\u00e9ficit que dejamos nosotros como gobierno sin entender el por qu\u00e9 del d\u00e9ficit, sin entender que hace 4 a\u00f1os que vivimos en una inflaci\u00f3n constante y cada vez m\u00e1s alta\u201d defini\u00f3 el actual concejal y ex secretario de Gobierno municipal.<\/p><\/blockquote>\n<p>Tal como lo hab\u00edan expresado en 2023 desde Juntos, sostuvo que el desbalance en las finanzas locales se origin\u00f3 en el \u201cdecrecimiento de los ingresos que proven\u00edan de Provincia y de Naci\u00f3n no tuvimos ingresos\u201d.<strong> \u201cFue un d\u00e9ficit de ingresos el que tuvimos el a\u00f1o pasado y no de gastos\u201d<\/strong> resumi\u00f3.<\/p>\n<p><strong>\u201cNos encontramos con un discurso buscando culpables, pero en ning\u00fan momento buscando cu\u00e1les son las soluciones\u201d<\/strong> enfatiz\u00f3 Galli.<\/p>\n<p><img data-recalc-dims=\"1\" loading=\"lazy\" decoding=\"async\" class=\"size-large wp-image-110468 aligncenter\" src=\"https:\/\/i0.wp.com\/cdnoticias.com\/wp-content\/uploads\/2024\/03\/WESNER-SESIONES-ORDINARIAS-9.jpg?resize=800%2C452&#038;ssl=1\" alt=\"\" width=\"800\" height=\"452\" \/><\/p>\n<p>Critic\u00f3 que en la intervenci\u00f3n de Wesner,<strong> \u201cno hay una sola autocr\u00edtica siendo que de los \u00faltimos 20 a\u00f1os gobernaron 16 a\u00f1os la Naci\u00f3n y la Provincia.<\/strong> Entonces, encontrarnos hoy en esta situaci\u00f3n con 50 y pico de pobreza, con una inflaci\u00f3n estructural de m\u00e1s de 200% anual y pensar que simplemente es culpa de un Municipio o de un Presidente que hace dos meses que est\u00e1 en funciones. <em>Ah\u00ed digo que el discurso queda vac\u00edo y segmentado a una cuesti\u00f3n pol\u00edtica y de campa\u00f1a\u201d.<\/em><\/p>\n<blockquote><p>A modo de ejemplo, el concejal enumer\u00f3 \u201cel conflicto con el estacionamiento medido lo generaron ellos, el conflicto con el financiamiento de bomberos lo generaron ellos\u201d. En tanto, sobre la situaci\u00f3n del transporte p\u00fablico reconoci\u00f3 que \u201ces heredada\u201d para apuntar a dos cuestiones: \u201cla quita del Fondo Compensador\u201d que dispuso el Gobierno Nacional, y \u201cla no actualizaci\u00f3n del Fondo de Compensaci\u00f3n Provincial, que est\u00e1 congelado desde junio de 2023\u201d. \u201cEs la parte cr\u00edtica que le hago al kirchnerismo, que hasta ahora nunca se hizo cargo de los problemas que ellos mismos generan\u201d subray\u00f3.<\/p><\/blockquote>\n<p>Acerca de los cuestionamientos que mencion\u00f3 Wesner hacia la gesti\u00f3n municipal de Ezequiel Galli por designaci\u00f3n de personal, proveedores y adjudicaci\u00f3n de licitaciones, Hilario Galli rechaz\u00f3 todas las cr\u00edticas. <strong>\u201cEstamos en el ranking 1 de transparencia a nivel nacional<\/strong> y viene por la forma de llevar adelante las licitaciones y contrataciones, siempre fueron abiertas, siempre fueron p\u00fablicas. Cuando fueron privadas siempre se invit\u00f3 a todas las empresas de Olavarr\u00eda\u201d respondi\u00f3.<\/p>\n<p>A\u00f1adi\u00f3 que <strong>\u201chemos tenido todas las rendiciones de cuentas aprobadas,<a href=\"https:\/\/cdnoticias.com\/index.php\/2023\/05\/31\/se-aprobo-la-rendicion-de-cuentas-2022\/\" target=\"_blank\" rel=\"noopener\"> incluso la de 2022<\/a>\u201d<\/strong> y sobre el <em>contrato del servicio de recolecci\u00f3n de residuos con la empresa Malvinas<\/em>, que el intendente mencion\u00f3, el concejal cont\u00f3 que <em>\u201clo tuvo durante tres meses el Tribunal de Cuentas Provincial analiz\u00e1ndolo desde el primer momento al \u00faltimo y solo hubo tres objeciones en cuestiones m\u00ednimas\u201d<\/em>.<\/p>\n","protected":false},"excerpt":{"rendered":"<p>Para el concejal de Juntos, las palabras del Intendente en el HCD fueron \u201cesperables\u201d: \u201cel discurso queda vac\u00edo y segmentado<\/p>\n","protected":false},"author":4,"featured_media":110478,"comment_status":"closed","ping_status":"closed","sticky":false,"template":"","format":"standard","meta":{"_jetpack_memberships_contains_paid_content":false,"footnotes":""},"categories":[4,1],"tags":[],"class_list":["post-110492","post","type-post","status-publish","format-standard","has-post-thumbnail","hentry","category-politica","category-portada"],"jetpack_featured_media_url":"https:\/\/i0.wp.com\/cdnoticias.com\/wp-content\/uploads\/2024\/03\/galli-hilario-apertura-sesiones-hcd.jpg?fit=800%2C445&ssl=1","jetpack_sharing_enabled":true,"_links":{"self":[{"href":"https:\/\/cdnoticias.com\/index.php\/wp-json\/wp\/v2\/posts\/110492","targetHints":{"allow":["GET"]}}],"collection":[{"href":"https:\/\/cdnoticias.com\/index.php\/wp-json\/wp\/v2\/posts"}],"about":[{"href":"https:\/\/cdnoticias.com\/index.php\/wp-json\/wp\/v2\/types\/post"}],"author":[{"embeddable":true,"href":"https:\/\/cdnoticias.com\/index.php\/wp-json\/wp\/v2\/users\/4"}],"replies":[{"embeddable":true,"href":"https:\/\/cdnoticias.com\/index.php\/wp-json\/wp\/v2\/comments?post=110492"}],"version-history":[{"count":0,"href":"https:\/\/cdnoticias.com\/index.php\/wp-json\/wp\/v2\/posts\/110492\/revisions"}],"wp:featuredmedia":[{"embeddable":true,"href":"https:\/\/cdnoticias.com\/index.php\/wp-json\/wp\/v2\/media\/110478"}],"wp:attachment":[{"href":"https:\/\/cdnoticias.com\/index.php\/wp-json\/wp\/v2\/media?parent=110492"}],"wp:term":[{"taxonomy":"category","embeddable":true,"href":"https:\/\/cdnoticias.com\/index.php\/wp-json\/wp\/v2\/categories?post=110492"},{"taxonomy":"post_tag","embeddable":true,"href":"https:\/\/cdnoticias.com\/index.php\/wp-json\/wp\/v2\/tags?post=110492"}],"curies":[{"name":"wp","href":"https:\/\/api.w.org\/{rel}","templated":true}]}}