{"id":110490,"date":"2024-03-06T10:34:46","date_gmt":"2024-03-06T13:34:46","guid":{"rendered":"https:\/\/cdnoticias.com\/?p=110490"},"modified":"2024-03-06T10:34:48","modified_gmt":"2024-03-06T13:34:48","slug":"lascano-se-nota-que-hay-un-co-gobierno-con-los-sindicatos","status":"publish","type":"post","link":"https:\/\/cdnoticias.com\/index.php\/2024\/03\/06\/lascano-se-nota-que-hay-un-co-gobierno-con-los-sindicatos\/","title":{"rendered":"Lascano: \u201cSe nota que hay un co-gobierno con los sindicatos\u201d"},"content":{"rendered":"<p>\u201cVa a ser un gobierno que se va a surtir de todos acuerdos que haga con la parte sindical\u201d, dijo el concejal de LLA. Resalt\u00f3 que hubo \u201cdiagn\u00f3sticos acertados\u201d y que desde su espacio pueden \u201cayudar\u201d a resolver distintos temas.<!--more--><\/p>\n<hr \/>\n<p>El <strong>concejal de La Libertad Avanza (LLA)<\/strong> habl\u00f3 luego de la <a href=\"https:\/\/cdnoticias.com\/index.php\/2024\/03\/06\/sin-esquivar-los-conflictos-wesner-abrio-las-sesiones-ordinarias-con-mucho-anuncios\/\" target=\"_blank\" rel=\"noopener\">apertura de sesiones del HCD<\/a> y se\u00f1al\u00f3 que el discurso del intendente Maximiliano Wesner dej\u00f3 <strong>\u201csensaciones desencontradas\u201d.<\/strong> Critic\u00f3 la <strong>falta de \u201cagilidad\u201d de la gesti\u00f3n y habl\u00f3 de un \u201cco-gobierno\u201d con sindicatos.<\/strong> Por otra parte, coincidi\u00f3 en el diagn\u00f3stico realizado por el intendente y dijo que est\u00e1n dispuestos a \u201ctrabajar en forma conjunta\u201d.<\/p>\n<p>\u201cUna sensaci\u00f3n desencontrada, primero porque fue mucho tiempo en una cr\u00edtica a nivel nacional y una cr\u00edtica del gobierno local, y tambi\u00e9n us\u00f3 un poco el tiempo para propuestas, <strong>pareciendo que estaba en campa\u00f1a<\/strong>\u201d, lanz\u00f3 el concejal<strong> Guillermo Lascano.<\/strong><\/p>\n<p>Y agreg\u00f3: \u201cdedic\u00f3 un tiempo significante al presupuesto que baja de Provincia, que son 1.500 millones y la verdad que si nos ponemos a pensar es el 3,3% del presupuesto municipal, lo cual <strong>va tener un impacto no tan elogioso como \u00e9l lo trat\u00f3 de vender<\/strong>\u201d.<\/p>\n<p>Adem\u00e1s, consider\u00f3 que plante\u00f3 temas<strong> \u201ccontradictorios\u201d<\/strong> e hizo referencia al \u201cd\u00e9ficit que es importante y plantea obras que solamente se financian con provincia, toma viviendas que gestiona un sindicato\u2026 <strong>obviamente se nota que hay un co-gobierno, qued\u00f3 expresado claramente<\/strong>\u201d.<\/p>\n<blockquote><p>En ese sentido, profundiz\u00f3: \u201cun co-gobierno con los sindicatos, digamos, en el sentido de que, si toma obra que hace el sindicato financiada con provincia, la toma como propia, creo que obviamente va a ser un gobierno que se va a surtir de todos esos acuerdos que haga con la parte sindical Olavarr\u00eda\u201d.<\/p><\/blockquote>\n<p>Por otra parte, Lascano resalt\u00f3 que \u201c<strong>notamos pocos ejes de trabajo con los espacios pol\u00edticos<\/strong>, creo que es el momento de construcci\u00f3n\u201d y a modo de ejemplo indic\u00f3 que \u201cllevamos dos programas de gobierno de financiamiento nacional, uno de 100 millones que podr\u00edamos financiar el arco en C, el grupo electr\u00f3geno, y lo \u00fanico que le pedimos es un team leader, una persona encargada del proyecto que pueda coordinar con nosotros la documentaci\u00f3n y la presentaci\u00f3n a nivel nacional. <strong>No podemos estar cinco d\u00edas esperando que nos llamen, notamos una no-agilidad que se necesita en una gesti\u00f3n<\/strong>\u201d.<\/p>\n<p>Por \u00faltimo, asegur\u00f3 que <strong>le genera \u201cexpectativa\u201d<\/strong> el hecho de que <strong>\u201ctiene un diagn\u00f3stico que por ah\u00ed nosotros lo compartimos\u201d<\/strong>. En ese punto, mencion\u00f3 \u201cel peso espec\u00edfico que tiene la recolecci\u00f3n de residuos dentro del presupuesto, la planta pol\u00edtica, la cantidad de empleados, la revalorizaci\u00f3n del trabajo municipal\u2026 son diagn\u00f3sticos acertados, pero en realidad no cont\u00f3 si va a revisar el contrato de Malvinas, <strong>cosas que quedaron en el tintero<\/strong>\u201d.<\/p>\n<p>\u201c<strong>Nosotros lo podemos ayudar<\/strong> y desde este lugar va a encontrar la mano para poder avanzar en forma conjunta a resolver todos esos temas. Nos consideramos un buen equipo, estamos predispuestos a trabajar en forma conjunta\u201d, concluy\u00f3 el edil de La Libertad Avanza.<\/p>\n<blockquote class=\"wp-embedded-content\" data-secret=\"ZChCvCsaXH\"><p><a href=\"https:\/\/cdnoticias.com\/index.php\/2024\/03\/05\/en-imagenes-lo-que-dejo-la-inauguracion-de-sesiones-ordinarias-del-intendente-wesner\/\">En im\u00e1genes, lo que dej\u00f3 la inauguraci\u00f3n de sesiones ordinarias del intendente Wesner<\/a><\/p><\/blockquote>\n<p><iframe loading=\"lazy\" class=\"wp-embedded-content\" sandbox=\"allow-scripts\" security=\"restricted\" style=\"position: absolute; clip: rect(1px, 1px, 1px, 1px);\" title=\"&#8220;En im\u00e1genes, lo que dej\u00f3 la inauguraci\u00f3n de sesiones ordinarias del intendente Wesner&#8221; &#8212; Central de Noticias | Olavarr\u00eda\" src=\"https:\/\/cdnoticias.com\/index.php\/2024\/03\/05\/en-imagenes-lo-que-dejo-la-inauguracion-de-sesiones-ordinarias-del-intendente-wesner\/embed\/#?secret=LXLRcXKvKq#?secret=ZChCvCsaXH\" data-secret=\"ZChCvCsaXH\" width=\"600\" height=\"338\" frameborder=\"0\" marginwidth=\"0\" marginheight=\"0\" scrolling=\"no\"><\/iframe><\/p>\n","protected":false},"excerpt":{"rendered":"<p>\u201cVa a ser un gobierno que se va a surtir de todos acuerdos que haga con la parte sindical\u201d, dijo<\/p>\n","protected":false},"author":2,"featured_media":110447,"comment_status":"closed","ping_status":"closed","sticky":false,"template":"","format":"standard","meta":{"_jetpack_memberships_contains_paid_content":false,"footnotes":""},"categories":[4,1],"tags":[],"class_list":["post-110490","post","type-post","status-publish","format-standard","has-post-thumbnail","hentry","category-politica","category-portada"],"jetpack_featured_media_url":"https:\/\/i0.wp.com\/cdnoticias.com\/wp-content\/uploads\/2024\/03\/WESNER-SESIONES-ORDINARIAS-16.jpg?fit=1000%2C606&ssl=1","jetpack_sharing_enabled":true,"_links":{"self":[{"href":"https:\/\/cdnoticias.com\/index.php\/wp-json\/wp\/v2\/posts\/110490","targetHints":{"allow":["GET"]}}],"collection":[{"href":"https:\/\/cdnoticias.com\/index.php\/wp-json\/wp\/v2\/posts"}],"about":[{"href":"https:\/\/cdnoticias.com\/index.php\/wp-json\/wp\/v2\/types\/post"}],"author":[{"embeddable":true,"href":"https:\/\/cdnoticias.com\/index.php\/wp-json\/wp\/v2\/users\/2"}],"replies":[{"embeddable":true,"href":"https:\/\/cdnoticias.com\/index.php\/wp-json\/wp\/v2\/comments?post=110490"}],"version-history":[{"count":0,"href":"https:\/\/cdnoticias.com\/index.php\/wp-json\/wp\/v2\/posts\/110490\/revisions"}],"wp:featuredmedia":[{"embeddable":true,"href":"https:\/\/cdnoticias.com\/index.php\/wp-json\/wp\/v2\/media\/110447"}],"wp:attachment":[{"href":"https:\/\/cdnoticias.com\/index.php\/wp-json\/wp\/v2\/media?parent=110490"}],"wp:term":[{"taxonomy":"category","embeddable":true,"href":"https:\/\/cdnoticias.com\/index.php\/wp-json\/wp\/v2\/categories?post=110490"},{"taxonomy":"post_tag","embeddable":true,"href":"https:\/\/cdnoticias.com\/index.php\/wp-json\/wp\/v2\/tags?post=110490"}],"curies":[{"name":"wp","href":"https:\/\/api.w.org\/{rel}","templated":true}]}}