{"id":110484,"date":"2024-03-06T10:03:56","date_gmt":"2024-03-06T13:03:56","guid":{"rendered":"https:\/\/cdnoticias.com\/?p=110484"},"modified":"2024-03-06T13:10:09","modified_gmt":"2024-03-06T16:10:09","slug":"persecucion-ataque-a-la-policia-y-disparos-tres-aprehendidos-en-barrio-paulownia","status":"publish","type":"post","link":"https:\/\/cdnoticias.com\/index.php\/2024\/03\/06\/persecucion-ataque-a-la-policia-y-disparos-tres-aprehendidos-en-barrio-paulownia\/","title":{"rendered":"Persecuci\u00f3n, ataque a la Polic\u00eda y disparos: tres aprehendidos en barrio Paulownia"},"content":{"rendered":"<p>El violento episodio se registr\u00f3 este martes. Un motociclista protagoniz\u00f3 una extensa huida cuando advirti\u00f3 la presencia policial y al momento del arresto, un grupo de personas agredi\u00f3 a los efectivos.<\/p>\n<p><!--more--><\/p>\n<hr \/>\n<p><strong>Tres personas resultaron aprehendidas este martes en el barrio Paulownia de Olavarr\u00eda<\/strong> tras una serie de<strong> violentos hechos<\/strong> que tuvieron como protagonista a un <strong>motociclista<\/strong> que huy\u00f3 cuando advirti\u00f3 la presencia policial. El caso termin\u00f3 con <strong>disparos de advertencia de los efectivos<\/strong>, que tuvieron que defenderse del <strong>ataque de un grupo de vecinos<\/strong>.<\/p>\n<p>&nbsp;<\/p>\n<p>Seg\u00fan pudo saber <strong>Central de Noticias<\/strong>, el personal de <strong>Polic\u00eda Local<\/strong> realizaba<strong> tareas de prevenci\u00f3n en el barrio Provincias Argentinas<\/strong> cuando <strong>un motociclista emprendi\u00f3 la fuga.<\/strong><\/p>\n<p>&nbsp;<\/p>\n<p>En la zona de<strong> Col\u00f3n y Entre R\u00edos comenz\u00f3 la persecuci\u00f3n<\/strong> al conductor a quien se le dio la voz de alto.<\/p>\n<p>&nbsp;<\/p>\n<p><strong>La huida del motociclista finaliz\u00f3 en calle 118 al 5200<\/strong> donde se logr\u00f3 su <strong>aprehensi\u00f3n<\/strong>. El acusado tiene<strong> 18 a\u00f1os<\/strong>.<\/p>\n<p>&nbsp;<\/p>\n<p><img data-recalc-dims=\"1\" loading=\"lazy\" decoding=\"async\" class=\"size-full wp-image-110487 aligncenter\" src=\"https:\/\/i0.wp.com\/cdnoticias.com\/wp-content\/uploads\/2024\/03\/calle-118-5200-motob.jpg?resize=500%2C903&#038;ssl=1\" alt=\"\" width=\"500\" height=\"903\" srcset=\"https:\/\/i0.wp.com\/cdnoticias.com\/wp-content\/uploads\/2024\/03\/calle-118-5200-motob.jpg?w=500&amp;ssl=1 500w, https:\/\/i0.wp.com\/cdnoticias.com\/wp-content\/uploads\/2024\/03\/calle-118-5200-motob.jpg?resize=166%2C300&amp;ssl=1 166w\" sizes=\"auto, (max-width: 500px) 100vw, 500px\" \/><\/p>\n<p>&nbsp;<\/p>\n<p>La moto en la que transitaba \u2013 <strong>una Honda Wave 110 cc sin patente colocada- qued\u00f3 secuestrada<\/strong> ya que presentaba un<strong> pedido de secuestro desde septiembre de 2021<\/strong> desde la UFI N\u00ba 6 de Azul.<\/p>\n<p>&nbsp;<\/p>\n<p>Mientras <strong>los polic\u00edas<\/strong> proced\u00edan al arresto, <strong>fueron agredidos por algunos vecinos<\/strong> de dicha zona del barrio Paulownia.<\/p>\n<p>&nbsp;<\/p>\n<p>Para ese momento, <strong>m\u00e1s m\u00f3viles policiales concurrieron en apoyo<\/strong> y la situaci\u00f3n deriv\u00f3 en una <strong>confrontaci\u00f3n<\/strong>. Se aclar\u00f3 que<strong> ning\u00fan uniformado result\u00f3 herido<\/strong>, aunque se pudo confirmar que <strong>efectuaron \u201cdos disparos\u201d de advertencia con lo que lograron controlar la situaci\u00f3n<\/strong>.<\/p>\n<p>&nbsp;<\/p>\n<p>A ra\u00edz de este ataque,<strong> fueron aprehendidos tambi\u00e9n un hombre de 24 a\u00f1os y una mujer de 43 a\u00f1os<\/strong>.<\/p>\n<p>&nbsp;<\/p>\n<p>Los tres aprehendidos fueron <strong>alojados en la Comisar\u00eda Segunda<\/strong> donde se iniciaron actuaciones por<strong> \u201catentado y resistencia a la autoridad, desobediencia en flagrancia e infracci\u00f3n al art\u00edculo 289\u201d<\/strong>. Se dio intervenci\u00f3n a la<strong> UFI N\u00ba 10<\/strong> a cargo del fiscal Jos\u00e9 Iturralde.<\/p>\n<p>&nbsp;<\/p>\n","protected":false},"excerpt":{"rendered":"<p>El violento episodio se registr\u00f3 este martes. Un motociclista protagoniz\u00f3 una extensa huida cuando advirti\u00f3 la presencia policial y al<\/p>\n","protected":false},"author":4,"featured_media":110485,"comment_status":"closed","ping_status":"closed","sticky":false,"template":"","format":"standard","meta":{"_jetpack_memberships_contains_paid_content":false,"footnotes":""},"categories":[14,1],"tags":[],"class_list":["post-110484","post","type-post","status-publish","format-standard","has-post-thumbnail","hentry","category-policiales","category-portada"],"jetpack_featured_media_url":"https:\/\/i0.wp.com\/cdnoticias.com\/wp-content\/uploads\/2024\/03\/calle-118-5200-motoa.jpg?fit=900%2C502&ssl=1","jetpack_sharing_enabled":true,"_links":{"self":[{"href":"https:\/\/cdnoticias.com\/index.php\/wp-json\/wp\/v2\/posts\/110484","targetHints":{"allow":["GET"]}}],"collection":[{"href":"https:\/\/cdnoticias.com\/index.php\/wp-json\/wp\/v2\/posts"}],"about":[{"href":"https:\/\/cdnoticias.com\/index.php\/wp-json\/wp\/v2\/types\/post"}],"author":[{"embeddable":true,"href":"https:\/\/cdnoticias.com\/index.php\/wp-json\/wp\/v2\/users\/4"}],"replies":[{"embeddable":true,"href":"https:\/\/cdnoticias.com\/index.php\/wp-json\/wp\/v2\/comments?post=110484"}],"version-history":[{"count":0,"href":"https:\/\/cdnoticias.com\/index.php\/wp-json\/wp\/v2\/posts\/110484\/revisions"}],"wp:featuredmedia":[{"embeddable":true,"href":"https:\/\/cdnoticias.com\/index.php\/wp-json\/wp\/v2\/media\/110485"}],"wp:attachment":[{"href":"https:\/\/cdnoticias.com\/index.php\/wp-json\/wp\/v2\/media?parent=110484"}],"wp:term":[{"taxonomy":"category","embeddable":true,"href":"https:\/\/cdnoticias.com\/index.php\/wp-json\/wp\/v2\/categories?post=110484"},{"taxonomy":"post_tag","embeddable":true,"href":"https:\/\/cdnoticias.com\/index.php\/wp-json\/wp\/v2\/tags?post=110484"}],"curies":[{"name":"wp","href":"https:\/\/api.w.org\/{rel}","templated":true}]}}