{"id":110405,"date":"2024-03-06T19:00:06","date_gmt":"2024-03-06T22:00:06","guid":{"rendered":"https:\/\/cdnoticias.com\/?p=110405"},"modified":"2024-03-06T19:00:08","modified_gmt":"2024-03-06T22:00:08","slug":"la-ucr-solicita-informacion-por-las-tareas-realizadas-luego-de-los-temporales","status":"publish","type":"post","link":"https:\/\/cdnoticias.com\/index.php\/2024\/03\/06\/la-ucr-solicita-informacion-por-las-tareas-realizadas-luego-de-los-temporales\/","title":{"rendered":"La UCR solicita informaci\u00f3n por las tareas realizadas luego de los temporales"},"content":{"rendered":"\n<p>&#8220;Hemos recibido reclamos de vecinos consultando sobre la demora en el reacondicionamiento del espacio p\u00fablico en diferentes sectores de la ciudad\u201d indic\u00f3 el concejal Francisco Gonz\u00e1lez.<\/p>\n\n\n\n<hr class=\"wp-block-separator aligncenter has-alpha-channel-opacity\"\/>\n\n\n\n<p>El <strong>bloque de concejales de la Uni\u00f3n C\u00edvica Radical <\/strong>present\u00f3 en el Concejo Deliberante un <strong>Pedido de Informe<\/strong> donde <strong>solicit\u00f3 al Ejecutivo Municipal informaci\u00f3n<\/strong> detallada acerca de las <strong>consecuencias ocasionadas por los temporales que azotaron a la ciudad en diciembre del a\u00f1o pasado.<\/strong><\/p>\n\n\n\n<p><\/p>\n\n\n\n<p>En este sentido, los ediles <strong>Francisco Gonz\u00e1lez y Sebasti\u00e1n Matrella<\/strong> pidieron el <strong>n\u00famero total de \u00e1rboles ca\u00eddos, cu\u00e1ntos fueron retirados de la v\u00eda p\u00fablica y cu\u00e1ntos faltan a\u00fan<\/strong>. Lo mismo con los <strong>postes de electricidad<\/strong>, qu\u00e9 cantidad se repusieron y los que todav\u00eda no.<\/p>\n\n\n\n<p><\/p>\n\n\n\n<blockquote class=\"wp-block-quote is-layout-flow wp-block-quote-is-layout-flow\">\n<p>Por otra parte, exigieron informaci\u00f3n sobre las pol\u00edticas p\u00fablicas llevadas a cabo por el Municipio en pos de garantizar la seguridad los vecinos afectados, detallando da\u00f1os materiales y estructurales que sufrieron y ayuda recibida.<\/p>\n<\/blockquote>\n\n\n\n<p><\/p>\n\n\n\n<p>Por \u00faltimo, tambi\u00e9n solicitaron un an\u00e1lisis pormenorizado de las <strong>partidas presupuestarias destinadas a las tareas y trabajos <\/strong>para resolver esta problem\u00e1tica y las que tiendan realizar.<\/p>\n\n\n\n<p><\/p>\n\n\n\n<p><strong><em>&#8220;Hemos recibido reclamos de vecinos consultando sobre la demora en el reacondicionamiento del espacio p\u00fablico en diferentes sectores de la ciudad, por lo cual creemos necesario conocer en detalle los trabajos realizados y lo que a\u00fan queda por hacer&#8221;,<\/em><\/strong> se\u00f1al\u00f3 el concejal Francisco Gonz\u00e1lez.<\/p>\n","protected":false},"excerpt":{"rendered":"<p>&#8220;Hemos recibido reclamos de vecinos consultando sobre la demora en el reacondicionamiento del espacio p\u00fablico en diferentes sectores de la<\/p>\n","protected":false},"author":6,"featured_media":110407,"comment_status":"closed","ping_status":"closed","sticky":false,"template":"","format":"standard","meta":{"_jetpack_memberships_contains_paid_content":false,"footnotes":""},"categories":[4,1],"tags":[],"class_list":["post-110405","post","type-post","status-publish","format-standard","has-post-thumbnail","hentry","category-politica","category-portada"],"jetpack_featured_media_url":"https:\/\/i0.wp.com\/cdnoticias.com\/wp-content\/uploads\/2024\/03\/ucr-pedido-temporal.jpg?fit=900%2C599&ssl=1","jetpack_sharing_enabled":true,"_links":{"self":[{"href":"https:\/\/cdnoticias.com\/index.php\/wp-json\/wp\/v2\/posts\/110405","targetHints":{"allow":["GET"]}}],"collection":[{"href":"https:\/\/cdnoticias.com\/index.php\/wp-json\/wp\/v2\/posts"}],"about":[{"href":"https:\/\/cdnoticias.com\/index.php\/wp-json\/wp\/v2\/types\/post"}],"author":[{"embeddable":true,"href":"https:\/\/cdnoticias.com\/index.php\/wp-json\/wp\/v2\/users\/6"}],"replies":[{"embeddable":true,"href":"https:\/\/cdnoticias.com\/index.php\/wp-json\/wp\/v2\/comments?post=110405"}],"version-history":[{"count":0,"href":"https:\/\/cdnoticias.com\/index.php\/wp-json\/wp\/v2\/posts\/110405\/revisions"}],"wp:featuredmedia":[{"embeddable":true,"href":"https:\/\/cdnoticias.com\/index.php\/wp-json\/wp\/v2\/media\/110407"}],"wp:attachment":[{"href":"https:\/\/cdnoticias.com\/index.php\/wp-json\/wp\/v2\/media?parent=110405"}],"wp:term":[{"taxonomy":"category","embeddable":true,"href":"https:\/\/cdnoticias.com\/index.php\/wp-json\/wp\/v2\/categories?post=110405"},{"taxonomy":"post_tag","embeddable":true,"href":"https:\/\/cdnoticias.com\/index.php\/wp-json\/wp\/v2\/tags?post=110405"}],"curies":[{"name":"wp","href":"https:\/\/api.w.org\/{rel}","templated":true}]}}