{"id":110380,"date":"2024-03-05T19:03:26","date_gmt":"2024-03-05T22:03:26","guid":{"rendered":"https:\/\/cdnoticias.com\/?p=110380"},"modified":"2024-03-05T19:03:29","modified_gmt":"2024-03-05T22:03:29","slug":"un-corte-de-luz-afecta-la-zona-rural-2","status":"publish","type":"post","link":"https:\/\/cdnoticias.com\/index.php\/2024\/03\/05\/un-corte-de-luz-afecta-la-zona-rural-2\/","title":{"rendered":"Un corte de luz afecta la zona rural"},"content":{"rendered":"\n<p>Ser\u00e1 este mi\u00e9rcoles por la ma\u00f1ana. El motivo es por mantenimiento.<\/p>\n\n\n\n<hr class=\"wp-block-separator aligncenter has-alpha-channel-opacity\"\/>\n\n\n\n<p>Desde Coopelectric se inform\u00f3 que <strong>se realizar\u00e1 un corte de luz <\/strong>que afectar\u00e1 la zona rural.<\/p>\n\n\n\n<p><\/p>\n\n\n\n<p>Desde las <strong>8:00 y hasta las 11:00<\/strong> el corte ser\u00e1 en el<strong> Sistema Rural Crotto.<\/strong><\/p>\n\n\n\n<p><\/p>\n\n\n\n<p>El motivo de la interrupci\u00f3n es por <strong>mantenimiento de la red.<\/strong><\/p>\n","protected":false},"excerpt":{"rendered":"<p>Ser\u00e1 este mi\u00e9rcoles por la ma\u00f1ana. El motivo es por mantenimiento. Desde Coopelectric se inform\u00f3 que se realizar\u00e1 un corte<\/p>\n","protected":false},"author":6,"featured_media":41402,"comment_status":"closed","ping_status":"closed","sticky":false,"template":"","format":"standard","meta":{"_jetpack_memberships_contains_paid_content":false,"footnotes":""},"categories":[5,1],"tags":[],"class_list":["post-110380","post","type-post","status-publish","format-standard","has-post-thumbnail","hentry","category-informacion-general","category-portada"],"jetpack_featured_media_url":"https:\/\/i0.wp.com\/cdnoticias.com\/wp-content\/uploads\/2021\/12\/coopelectric-camion1.jpg?fit=1540%2C856&ssl=1","jetpack_sharing_enabled":true,"_links":{"self":[{"href":"https:\/\/cdnoticias.com\/index.php\/wp-json\/wp\/v2\/posts\/110380","targetHints":{"allow":["GET"]}}],"collection":[{"href":"https:\/\/cdnoticias.com\/index.php\/wp-json\/wp\/v2\/posts"}],"about":[{"href":"https:\/\/cdnoticias.com\/index.php\/wp-json\/wp\/v2\/types\/post"}],"author":[{"embeddable":true,"href":"https:\/\/cdnoticias.com\/index.php\/wp-json\/wp\/v2\/users\/6"}],"replies":[{"embeddable":true,"href":"https:\/\/cdnoticias.com\/index.php\/wp-json\/wp\/v2\/comments?post=110380"}],"version-history":[{"count":0,"href":"https:\/\/cdnoticias.com\/index.php\/wp-json\/wp\/v2\/posts\/110380\/revisions"}],"wp:featuredmedia":[{"embeddable":true,"href":"https:\/\/cdnoticias.com\/index.php\/wp-json\/wp\/v2\/media\/41402"}],"wp:attachment":[{"href":"https:\/\/cdnoticias.com\/index.php\/wp-json\/wp\/v2\/media?parent=110380"}],"wp:term":[{"taxonomy":"category","embeddable":true,"href":"https:\/\/cdnoticias.com\/index.php\/wp-json\/wp\/v2\/categories?post=110380"},{"taxonomy":"post_tag","embeddable":true,"href":"https:\/\/cdnoticias.com\/index.php\/wp-json\/wp\/v2\/tags?post=110380"}],"curies":[{"name":"wp","href":"https:\/\/api.w.org\/{rel}","templated":true}]}}