{"id":110365,"date":"2024-03-05T08:48:08","date_gmt":"2024-03-05T11:48:08","guid":{"rendered":"https:\/\/cdnoticias.com\/?p=110365"},"modified":"2024-03-05T17:44:52","modified_gmt":"2024-03-05T20:44:52","slug":"accidente-y-vuelco-en-microcentro-una-persona-herida","status":"publish","type":"post","link":"https:\/\/cdnoticias.com\/index.php\/2024\/03\/05\/accidente-y-vuelco-en-microcentro-una-persona-herida\/","title":{"rendered":"Accidente y vuelco en Microcentro: una persona herida"},"content":{"rendered":"<p>Ocurri\u00f3 durante la ma\u00f1ana de este martes en Lamadrid y V\u00e9lez Sarsfield. Un hombre fue trasladado al Hospital Municipal.<!--more--><\/p>\n<hr \/>\n<p>Este martes por la ma\u00f1ana se produjo un accidente en la esquina de <strong>Lamadrid y V\u00e9lez Sarsfield<\/strong>, en Microcentro.<\/p>\n<blockquote><p>Una Renault Kangoo y una Fiat Fiorino chocaron en el lugar. La violencia del impacto fue tal que uno de los veh\u00edculos volc\u00f3.<\/p><\/blockquote>\n<p>Producto del siniestro vial, <strong>el conductor de la Renault Kangoo debi\u00f3 ser trasladado al Hospital Municipal \u201cDr. H\u00e9ctor Cura\u201d<\/strong> con heridas que no ser\u00edan de gravedad.<\/p>\n<figure id=\"attachment_110367\" aria-describedby=\"caption-attachment-110367\" style=\"width: 800px\" class=\"wp-caption alignnone\"><img data-recalc-dims=\"1\" loading=\"lazy\" decoding=\"async\" class=\"size-full wp-image-110367\" src=\"https:\/\/i0.wp.com\/cdnoticias.com\/wp-content\/uploads\/2024\/03\/accidente-lamadrid-sarsfield-02.jpg?resize=800%2C445&#038;ssl=1\" alt=\"\" width=\"800\" height=\"445\" srcset=\"https:\/\/i0.wp.com\/cdnoticias.com\/wp-content\/uploads\/2024\/03\/accidente-lamadrid-sarsfield-02.jpg?w=800&amp;ssl=1 800w, https:\/\/i0.wp.com\/cdnoticias.com\/wp-content\/uploads\/2024\/03\/accidente-lamadrid-sarsfield-02.jpg?resize=300%2C167&amp;ssl=1 300w, https:\/\/i0.wp.com\/cdnoticias.com\/wp-content\/uploads\/2024\/03\/accidente-lamadrid-sarsfield-02.jpg?resize=768%2C427&amp;ssl=1 768w\" sizes=\"auto, (max-width: 800px) 100vw, 800px\" \/><figcaption id=\"caption-attachment-110367\" class=\"wp-caption-text\">Personal policial y de salud concurrieron al lugar.<\/figcaption><\/figure>\n<p>Personal policial tambi\u00e9n concurri\u00f3 al lugar para realizar tareas de ordenamiento del tr\u00e1nsito.<\/p>\n<p><em>(Fotos gentileza Georgina Muller, FM 99.9)<\/em><\/p>\n","protected":false},"excerpt":{"rendered":"<p>Ocurri\u00f3 durante la ma\u00f1ana de este martes en Lamadrid y V\u00e9lez Sarsfield. Un hombre fue trasladado al Hospital Municipal.<\/p>\n","protected":false},"author":2,"featured_media":110368,"comment_status":"closed","ping_status":"closed","sticky":false,"template":"","format":"standard","meta":{"_jetpack_memberships_contains_paid_content":false,"footnotes":""},"categories":[14,1],"tags":[],"class_list":["post-110365","post","type-post","status-publish","format-standard","has-post-thumbnail","hentry","category-policiales","category-portada"],"jetpack_featured_media_url":"https:\/\/i0.wp.com\/cdnoticias.com\/wp-content\/uploads\/2024\/03\/accidente-lamadrid-sarsfield-01.jpg?fit=800%2C445&ssl=1","jetpack_sharing_enabled":true,"_links":{"self":[{"href":"https:\/\/cdnoticias.com\/index.php\/wp-json\/wp\/v2\/posts\/110365","targetHints":{"allow":["GET"]}}],"collection":[{"href":"https:\/\/cdnoticias.com\/index.php\/wp-json\/wp\/v2\/posts"}],"about":[{"href":"https:\/\/cdnoticias.com\/index.php\/wp-json\/wp\/v2\/types\/post"}],"author":[{"embeddable":true,"href":"https:\/\/cdnoticias.com\/index.php\/wp-json\/wp\/v2\/users\/2"}],"replies":[{"embeddable":true,"href":"https:\/\/cdnoticias.com\/index.php\/wp-json\/wp\/v2\/comments?post=110365"}],"version-history":[{"count":0,"href":"https:\/\/cdnoticias.com\/index.php\/wp-json\/wp\/v2\/posts\/110365\/revisions"}],"wp:featuredmedia":[{"embeddable":true,"href":"https:\/\/cdnoticias.com\/index.php\/wp-json\/wp\/v2\/media\/110368"}],"wp:attachment":[{"href":"https:\/\/cdnoticias.com\/index.php\/wp-json\/wp\/v2\/media?parent=110365"}],"wp:term":[{"taxonomy":"category","embeddable":true,"href":"https:\/\/cdnoticias.com\/index.php\/wp-json\/wp\/v2\/categories?post=110365"},{"taxonomy":"post_tag","embeddable":true,"href":"https:\/\/cdnoticias.com\/index.php\/wp-json\/wp\/v2\/tags?post=110365"}],"curies":[{"name":"wp","href":"https:\/\/api.w.org\/{rel}","templated":true}]}}