{"id":110354,"date":"2024-03-05T07:55:08","date_gmt":"2024-03-05T10:55:08","guid":{"rendered":"https:\/\/cdnoticias.com\/?p=110354"},"modified":"2024-03-05T08:48:27","modified_gmt":"2024-03-05T11:48:27","slug":"detuvieron-a-un-hombre-acusado-de-robo-agravado","status":"publish","type":"post","link":"https:\/\/cdnoticias.com\/index.php\/2024\/03\/05\/detuvieron-a-un-hombre-acusado-de-robo-agravado\/","title":{"rendered":"Detuvieron a un hombre acusado de robo agravado"},"content":{"rendered":"<p>Fue el lunes tras un operativo en una vivienda de Microcentro. Se encuentra acusado en una causa por \u201crobo agravado por el uso de arma\u201d.<!--more--><\/p>\n<hr \/>\n<p>Durante la jornada del lunes, se produjo un <strong>allanamiento en una vivienda de Microcentro, ubicada en Lavalle al 3200.<\/strong><\/p>\n<p>Seg\u00fan se inform\u00f3, tras tareas investigativas se logr\u00f3 establecer que se encontrar\u00eda oculto en ese domicilio. Efectivos policiales<strong> realizaron un allanamiento de urgencia y se logr\u00f3 la detenci\u00f3n de \u00c1ngel Fabian Gervasio.<\/strong><\/p>\n<blockquote><p>El hombre de 34 a\u00f1os, se encuentra acusado de \u201crobo agravado por el uso de arma\u201d.<\/p><\/blockquote>\n<p>El juez Carlos Villamar\u00edn, titular del Juzgado de Garant\u00edas N\u00b0 2, libr\u00f3 la orden de detenci\u00f3n y el personal de la comisar\u00eda Segunda llev\u00f3 adelante el operativo con colaboraci\u00f3n de personal de la subDDI Olavarr\u00eda.<\/p>\n","protected":false},"excerpt":{"rendered":"<p>Fue el lunes tras un operativo en una vivienda de Microcentro. Se encuentra acusado en una causa por \u201crobo agravado<\/p>\n","protected":false},"author":2,"featured_media":110355,"comment_status":"closed","ping_status":"closed","sticky":false,"template":"","format":"standard","meta":{"_jetpack_memberships_contains_paid_content":false,"footnotes":""},"categories":[14,1],"tags":[],"class_list":["post-110354","post","type-post","status-publish","format-standard","has-post-thumbnail","hentry","category-policiales","category-portada"],"jetpack_featured_media_url":"https:\/\/i0.wp.com\/cdnoticias.com\/wp-content\/uploads\/2024\/03\/detenido-robo-agravado.jpg?fit=800%2C445&ssl=1","jetpack_sharing_enabled":true,"_links":{"self":[{"href":"https:\/\/cdnoticias.com\/index.php\/wp-json\/wp\/v2\/posts\/110354","targetHints":{"allow":["GET"]}}],"collection":[{"href":"https:\/\/cdnoticias.com\/index.php\/wp-json\/wp\/v2\/posts"}],"about":[{"href":"https:\/\/cdnoticias.com\/index.php\/wp-json\/wp\/v2\/types\/post"}],"author":[{"embeddable":true,"href":"https:\/\/cdnoticias.com\/index.php\/wp-json\/wp\/v2\/users\/2"}],"replies":[{"embeddable":true,"href":"https:\/\/cdnoticias.com\/index.php\/wp-json\/wp\/v2\/comments?post=110354"}],"version-history":[{"count":0,"href":"https:\/\/cdnoticias.com\/index.php\/wp-json\/wp\/v2\/posts\/110354\/revisions"}],"wp:featuredmedia":[{"embeddable":true,"href":"https:\/\/cdnoticias.com\/index.php\/wp-json\/wp\/v2\/media\/110355"}],"wp:attachment":[{"href":"https:\/\/cdnoticias.com\/index.php\/wp-json\/wp\/v2\/media?parent=110354"}],"wp:term":[{"taxonomy":"category","embeddable":true,"href":"https:\/\/cdnoticias.com\/index.php\/wp-json\/wp\/v2\/categories?post=110354"},{"taxonomy":"post_tag","embeddable":true,"href":"https:\/\/cdnoticias.com\/index.php\/wp-json\/wp\/v2\/tags?post=110354"}],"curies":[{"name":"wp","href":"https:\/\/api.w.org\/{rel}","templated":true}]}}