{"id":110328,"date":"2024-03-05T21:30:17","date_gmt":"2024-03-06T00:30:17","guid":{"rendered":"https:\/\/cdnoticias.com\/?p=110328"},"modified":"2024-03-05T21:30:20","modified_gmt":"2024-03-06T00:30:20","slug":"los-profesionales-de-la-salud-acordaron-un-incremento-del-20-con-kicillof","status":"publish","type":"post","link":"https:\/\/cdnoticias.com\/index.php\/2024\/03\/05\/los-profesionales-de-la-salud-acordaron-un-incremento-del-20-con-kicillof\/","title":{"rendered":"Los profesionales de la salud acordaron un incremento del 20% con Kicillof"},"content":{"rendered":"\n<p>Cicop acept\u00f3 la oferta hecha d\u00edas atr\u00e1s por la Provincia en el marco de las paritarias. Tambi\u00e9n repudi\u00f3 el ajuste que lleva adelante el Gobierno nacional.<\/p>\n\n\n\n<hr class=\"wp-block-separator aligncenter has-alpha-channel-opacity\"\/>\n\n\n\n<p>La Asociaci\u00f3n Sindical de Profesionales de la Salud bonaerense (Cicop) <strong>acept\u00f3 la propuesta de aumento del 20% de la gesti\u00f3n de Axel Kicillof <\/strong>y <strong>repudi\u00f3 el ajuste que lleva adelante el Gobierno nacional.<\/strong><\/p>\n\n\n\n<p><\/p>\n\n\n\n<p>Tras realizar asambleas en sus diferentes seccionales, Cicop realiz\u00f3 un congreso interno el \u00faltimo viernes y acept\u00f3 \u201c<strong>acept\u00f3 por ampl\u00edsima mayor\u00eda\u201d<\/strong> la oferta realizada d\u00edas atr\u00e1s por la Provincia en el marco de las paritarias de la <strong>Ley de Carrera Hospitalaria<\/strong> (10.471).<\/p>\n\n\n\n<p><\/p>\n\n\n\n<p>La propuesta aceptada \u201c<strong><em>consiste en un aumento salarial del 20% vigente a partir del 1 de febrero e incluye la reapertura de las negociaciones en marzo para discutir nuevos incremento\u201d<\/em><\/strong>, explic\u00f3 el titular de Cicop, Pablo Maciel.<\/p>\n\n\n\n<p><\/p>\n\n\n\n<blockquote class=\"wp-block-quote is-layout-flow wp-block-quote-is-layout-flow\">\n<p>De este modo, se\u00f1alaron desde el gremio, un profesional de la salud ingresante con 36 horas guardia cobrar\u00e1 en marzo $646.499 y su par ingresante con 48 horas y dedicaci\u00f3n exclusiva alcanzar\u00e1 los $923.754, en tanto que un residente de primer a\u00f1o con \u201cguardia en zonas de baja cobertura\u201d percibir\u00e1 $ 733.872.<\/p>\n<\/blockquote>\n\n\n\n<p><\/p>\n\n\n\n<p>Maciel detall\u00f3 que la propuesta contempla la convocatoria a una mesa t\u00e9cnica el d\u00eda 7 de marzo para la creaci\u00f3n de nuevas bonificaciones dentro de la Ley 10.471 y la realizaci\u00f3n de una Mesa de Trabajo para monitorear la evoluci\u00f3n de los pases a planta de becarios y de los profesionales de la Ley 10.430 a la 10.471.<\/p>\n\n\n\n<p><\/p>\n\n\n\n<p><em>\u201cDesde CICOP valoramos la apertura de las paritarias y la posibilidad de continuar la negociaci\u00f3n salarial todos los meses, teniendo en cuenta el contexto inflacionario que sufre nuestro pa\u00eds y el recorte intempestivo e ilegal del presupuesto de la provincia de Buenos Aires\u201d,<\/em> agreg\u00f3 el sindicalista.<\/p>\n\n\n\n<p><\/p>\n\n\n\n<p>Ante el impacto sanitario de las medidas de ajuste y reformas regresivas del Gobierno nacional, Cicop defini\u00f3 formar parte de la <strong>Jornada Nacional de Lucha por la Salud P\u00fablica <\/strong>impulsada por la Federaci\u00f3n Sindical Nacional de Trabajadores y Trabajadoras de la Salud (FESINTRAS), organizaci\u00f3n que integra.<\/p>\n\n\n\n<p><\/p>\n\n\n\n<p>En el congreso interno, el sindicato aprob\u00f3 tambi\u00e9n <strong>adherir al Paro Internacional de Mujeres y Disidencias Trabajadoras <\/strong>del pr\u00f3ximo<strong> viernes 8 de marzo y participar de manera activa en las movilizaciones del 8M y 24M.<\/strong><\/p>\n\n\n\n<p><\/p>\n\n\n\n<p><em>Fuente: DIB<\/em><\/p>\n","protected":false},"excerpt":{"rendered":"<p>Cicop acept\u00f3 la oferta hecha d\u00edas atr\u00e1s por la Provincia en el marco de las paritarias. Tambi\u00e9n repudi\u00f3 el ajuste<\/p>\n","protected":false},"author":6,"featured_media":110329,"comment_status":"closed","ping_status":"closed","sticky":false,"template":"","format":"standard","meta":{"_jetpack_memberships_contains_paid_content":false,"footnotes":""},"categories":[6,1],"tags":[],"class_list":["post-110328","post","type-post","status-publish","format-standard","has-post-thumbnail","hentry","category-nacionales","category-portada"],"jetpack_featured_media_url":"https:\/\/i0.wp.com\/cdnoticias.com\/wp-content\/uploads\/2024\/03\/medicos-paritarias.jpg?fit=630%2C420&ssl=1","jetpack_sharing_enabled":true,"_links":{"self":[{"href":"https:\/\/cdnoticias.com\/index.php\/wp-json\/wp\/v2\/posts\/110328","targetHints":{"allow":["GET"]}}],"collection":[{"href":"https:\/\/cdnoticias.com\/index.php\/wp-json\/wp\/v2\/posts"}],"about":[{"href":"https:\/\/cdnoticias.com\/index.php\/wp-json\/wp\/v2\/types\/post"}],"author":[{"embeddable":true,"href":"https:\/\/cdnoticias.com\/index.php\/wp-json\/wp\/v2\/users\/6"}],"replies":[{"embeddable":true,"href":"https:\/\/cdnoticias.com\/index.php\/wp-json\/wp\/v2\/comments?post=110328"}],"version-history":[{"count":0,"href":"https:\/\/cdnoticias.com\/index.php\/wp-json\/wp\/v2\/posts\/110328\/revisions"}],"wp:featuredmedia":[{"embeddable":true,"href":"https:\/\/cdnoticias.com\/index.php\/wp-json\/wp\/v2\/media\/110329"}],"wp:attachment":[{"href":"https:\/\/cdnoticias.com\/index.php\/wp-json\/wp\/v2\/media?parent=110328"}],"wp:term":[{"taxonomy":"category","embeddable":true,"href":"https:\/\/cdnoticias.com\/index.php\/wp-json\/wp\/v2\/categories?post=110328"},{"taxonomy":"post_tag","embeddable":true,"href":"https:\/\/cdnoticias.com\/index.php\/wp-json\/wp\/v2\/tags?post=110328"}],"curies":[{"name":"wp","href":"https:\/\/api.w.org\/{rel}","templated":true}]}}