{"id":110303,"date":"2024-03-04T21:19:42","date_gmt":"2024-03-05T00:19:42","guid":{"rendered":"https:\/\/cdnoticias.com\/?p=110303"},"modified":"2024-03-05T08:35:15","modified_gmt":"2024-03-05T11:35:15","slug":"violencia-de-genero-otra-vez-rompio-una-medida-de-proteccion-y-fue-aprehendido","status":"publish","type":"post","link":"https:\/\/cdnoticias.com\/index.php\/2024\/03\/04\/violencia-de-genero-otra-vez-rompio-una-medida-de-proteccion-y-fue-aprehendido\/","title":{"rendered":"Violencia de g\u00e9nero: otra vez rompi\u00f3 una medida de protecci\u00f3n y fue aprehendido"},"content":{"rendered":"\n<p>El hecho ocurri\u00f3 este lunes en una vivienda ubicada en inmediaciones del Parque Alberdi. En febrero hab\u00eda ocurrido una situaci\u00f3n similar. <\/p>\n\n\n\n<hr class=\"wp-block-separator aligncenter has-alpha-channel-opacity\"\/>\n\n\n\n<p>Este lunes <strong>un hombre fue aprehendido<\/strong> por Polic\u00eda Local luego de<strong> incumplir una medida de exclusi\u00f3n perimetral.<\/strong> Seg\u00fan pudo establecer Central de Noticias, esta  persona de 40 a\u00f1os, ya hab\u00eda realizado  <a href=\"https:\/\/cdnoticias.com\/index.php\/2024\/02\/21\/sorprendieron-a-un-hombre-rompiendo-una-exclusion-perimetral-y-fue-aprehendido\/\">la misma acci\u00f3n en el mes de febrero<\/a>, resultando aprehendido. <\/p>\n\n\n\n<p><\/p>\n\n\n\n<p>En esta oportunidad, personal policial se encontraba custodiando un domicilio ubicado en calle S\u00e1enz Pe\u00f1a en cercan\u00edas del Parque Alberdi, cuando el hombre se present\u00f3 en el lugar incumpliendo la medida judicial dictaminada por el Juzgado de Familia N\u00b0 1 de Olavarr\u00eda.  <\/p>\n\n\n\n<p><\/p>\n\n\n\n<p>De esta forma, fue aprehendido y alojado en Comisaria Primera bajo la caratula \u201c<strong>desobediencia en flagrancia<\/strong>\u201d. Intervine la UFI N\u00b0 5 especializada en violencia familiar y de g\u00e9nero, a cargo de la doctora Mariela Viceconte.<\/p>\n","protected":false},"excerpt":{"rendered":"<p>El hecho ocurri\u00f3 este lunes en una vivienda ubicada en inmediaciones del Parque Alberdi. En febrero hab\u00eda ocurrido una situaci\u00f3n<\/p>\n","protected":false},"author":6,"featured_media":110305,"comment_status":"closed","ping_status":"closed","sticky":false,"template":"","format":"standard","meta":{"_jetpack_memberships_contains_paid_content":false,"footnotes":""},"categories":[14,1],"tags":[],"class_list":["post-110303","post","type-post","status-publish","format-standard","has-post-thumbnail","hentry","category-policiales","category-portada"],"jetpack_featured_media_url":"https:\/\/i0.wp.com\/cdnoticias.com\/wp-content\/uploads\/2024\/03\/aprehendido-perimetral.png?fit=959%2C609&ssl=1","jetpack_sharing_enabled":true,"_links":{"self":[{"href":"https:\/\/cdnoticias.com\/index.php\/wp-json\/wp\/v2\/posts\/110303","targetHints":{"allow":["GET"]}}],"collection":[{"href":"https:\/\/cdnoticias.com\/index.php\/wp-json\/wp\/v2\/posts"}],"about":[{"href":"https:\/\/cdnoticias.com\/index.php\/wp-json\/wp\/v2\/types\/post"}],"author":[{"embeddable":true,"href":"https:\/\/cdnoticias.com\/index.php\/wp-json\/wp\/v2\/users\/6"}],"replies":[{"embeddable":true,"href":"https:\/\/cdnoticias.com\/index.php\/wp-json\/wp\/v2\/comments?post=110303"}],"version-history":[{"count":0,"href":"https:\/\/cdnoticias.com\/index.php\/wp-json\/wp\/v2\/posts\/110303\/revisions"}],"wp:featuredmedia":[{"embeddable":true,"href":"https:\/\/cdnoticias.com\/index.php\/wp-json\/wp\/v2\/media\/110305"}],"wp:attachment":[{"href":"https:\/\/cdnoticias.com\/index.php\/wp-json\/wp\/v2\/media?parent=110303"}],"wp:term":[{"taxonomy":"category","embeddable":true,"href":"https:\/\/cdnoticias.com\/index.php\/wp-json\/wp\/v2\/categories?post=110303"},{"taxonomy":"post_tag","embeddable":true,"href":"https:\/\/cdnoticias.com\/index.php\/wp-json\/wp\/v2\/tags?post=110303"}],"curies":[{"name":"wp","href":"https:\/\/api.w.org\/{rel}","templated":true}]}}