{"id":110302,"date":"2024-03-04T17:53:46","date_gmt":"2024-03-04T20:53:46","guid":{"rendered":"https:\/\/cdnoticias.com\/?p=110302"},"modified":"2024-03-04T20:28:02","modified_gmt":"2024-03-04T23:28:02","slug":"capturan-a-un-hombre-que-era-buscado-desde-hace-14-anos-por-una-causa-de-abuso-sexual","status":"publish","type":"post","link":"https:\/\/cdnoticias.com\/index.php\/2024\/03\/04\/capturan-a-un-hombre-que-era-buscado-desde-hace-14-anos-por-una-causa-de-abuso-sexual\/","title":{"rendered":"Capturan a un hombre que era buscado desde hace 14 a\u00f1os por una causa de abuso sexual"},"content":{"rendered":"<p>Efectivos del Comando de Patrullas de Olavarr\u00eda lo aprehendieron en avenida Col\u00f3n y Laprida. La causa se remonta a junio de 2010.<!--more--><\/p>\n<hr \/>\n<p>Este lunes se produjo la aprehensi\u00f3n de un hombre que presentaba un <strong>pedido de paradero activo solicitado por la UFI N\u00b0 10 en una causa por abuso sexual que se remite a junio de 2010.<\/strong><\/p>\n<p>Personal del Comando de Patrullas llev\u00f3 a cabo la aprehensi\u00f3n del <strong>hombre de 34 a\u00f1os<\/strong> en avenida Col\u00f3n y Laprida.<\/p>\n<p>Fue trasladado a la dependencia policial para cumplimentar los recaudos legales. <strong>Interviene la UFI N\u00b0 10.<\/strong><\/p>\n","protected":false},"excerpt":{"rendered":"<p>Efectivos del Comando de Patrullas de Olavarr\u00eda lo aprehendieron en avenida Col\u00f3n y Laprida. La causa se remonta a junio<\/p>\n","protected":false},"author":2,"featured_media":110304,"comment_status":"closed","ping_status":"closed","sticky":false,"template":"","format":"standard","meta":{"_jetpack_memberships_contains_paid_content":false,"footnotes":""},"categories":[14,1],"tags":[],"class_list":["post-110302","post","type-post","status-publish","format-standard","has-post-thumbnail","hentry","category-policiales","category-portada"],"jetpack_featured_media_url":"https:\/\/i0.wp.com\/cdnoticias.com\/wp-content\/uploads\/2024\/03\/aprehendido-abuso-sexual.jpg?fit=800%2C445&ssl=1","jetpack_sharing_enabled":true,"_links":{"self":[{"href":"https:\/\/cdnoticias.com\/index.php\/wp-json\/wp\/v2\/posts\/110302","targetHints":{"allow":["GET"]}}],"collection":[{"href":"https:\/\/cdnoticias.com\/index.php\/wp-json\/wp\/v2\/posts"}],"about":[{"href":"https:\/\/cdnoticias.com\/index.php\/wp-json\/wp\/v2\/types\/post"}],"author":[{"embeddable":true,"href":"https:\/\/cdnoticias.com\/index.php\/wp-json\/wp\/v2\/users\/2"}],"replies":[{"embeddable":true,"href":"https:\/\/cdnoticias.com\/index.php\/wp-json\/wp\/v2\/comments?post=110302"}],"version-history":[{"count":0,"href":"https:\/\/cdnoticias.com\/index.php\/wp-json\/wp\/v2\/posts\/110302\/revisions"}],"wp:featuredmedia":[{"embeddable":true,"href":"https:\/\/cdnoticias.com\/index.php\/wp-json\/wp\/v2\/media\/110304"}],"wp:attachment":[{"href":"https:\/\/cdnoticias.com\/index.php\/wp-json\/wp\/v2\/media?parent=110302"}],"wp:term":[{"taxonomy":"category","embeddable":true,"href":"https:\/\/cdnoticias.com\/index.php\/wp-json\/wp\/v2\/categories?post=110302"},{"taxonomy":"post_tag","embeddable":true,"href":"https:\/\/cdnoticias.com\/index.php\/wp-json\/wp\/v2\/tags?post=110302"}],"curies":[{"name":"wp","href":"https:\/\/api.w.org\/{rel}","templated":true}]}}