{"id":110260,"date":"2024-03-04T11:52:48","date_gmt":"2024-03-04T14:52:48","guid":{"rendered":"https:\/\/cdnoticias.com\/?p=110260"},"modified":"2024-03-04T11:53:49","modified_gmt":"2024-03-04T14:53:49","slug":"la-lista-verde-anuncio-que-no-concurrira-a-la-audiencia-publica-por-la-suba-del-agua","status":"publish","type":"post","link":"https:\/\/cdnoticias.com\/index.php\/2024\/03\/04\/la-lista-verde-anuncio-que-no-concurrira-a-la-audiencia-publica-por-la-suba-del-agua\/","title":{"rendered":"La Lista Verde anunci\u00f3 que no concurrir\u00e1 a la audiencia p\u00fablica por la suba del agua"},"content":{"rendered":"<p>Se mostraron cr\u00edticos de la convocatoria, a la que definieron como \u201cuna farsa in\u00fatil y una burla a la ciudadan\u00eda y a los socios de la cooperativa\u201d.<\/p>\n<p><!--more--><\/p>\n<hr \/>\n<p><strong>La Lista Verde<\/strong>, <a href=\"https:\/\/cdnoticias.com\/index.php\/2024\/02\/03\/la-lista-verde-se-presento-para-buscar-gestionar-coopelectric-en-2024\/\" target=\"_blank\" rel=\"noopener\">que semanas atr\u00e1s se present\u00f3 oficialmente para competir en las elecciones de Coopelectric,<\/a> anunci\u00f3 que <strong>no concurrir\u00e1 la audiencia p\u00fablica<\/strong> por la <a href=\"https:\/\/cdnoticias.com\/index.php\/2024\/02\/22\/convocatoria-a-audiencia-publica-para-aumentar-la-tarifa-de-agua\/\" target=\"_blank\" rel=\"noopener\">suba de la tarifa de obras sanitarias<\/a>.<\/p>\n<p><strong>\u201cUna farsa in\u00fatil y una burla a la ciudadan\u00eda y a los socios de la cooperativa\u201d<\/strong> defini\u00f3 la agrupaci\u00f3n para adelantar que <strong>\u201cla Lista Verde no concurrir\u00e1 y realizar\u00e1 encuentro aparte\u201d<\/strong>, el cual se realizar\u00e1 el 27 de marzo.<\/p>\n<p>Cuestionaron que desde Coopelectric \u201ccomo siempre, siguen en la pr\u00e1ctica del <strong>ocultamiento, en el ardid y el enga\u00f1o, en la falta de transparencia, en el menosprecio de la gente<\/strong>, eludiendo la participaci\u00f3n ciudadana, la democracia semidirecta de la ciudadan\u00eda y la democracia interna en la propia cooperativa\u201d.<\/p>\n<p>Apuntaron a <strong>criticar el lugar de la convocatoria<\/strong>, sobre el que se se\u00f1al\u00f3 que es <em>\u201cun lugar lejano, poco accesible a los ciudadanos. A diez kil\u00f3metros del centro, sin transporte p\u00fablico, a 20 km de los barrios detr\u00e1s de la calle Independencia. Desmotivante e inc\u00f3modo\u201d<\/em>.<\/p>\n<p><strong>\u201cEn contradicci\u00f3n con las leyes de acceso a la informaci\u00f3n p\u00fablica, no publican lo central del debate, que es el porcentaje del aumento.<\/strong> No quieren escuchar las quejas enojosas de aquellos a los que les afecta el 172 % de aumento que pretenden y que ya tienen decidido y que as\u00ed va a salir, emergente de acuerdos pol\u00edticos partidarios en el HCD\u201d sostuvo la Lista Verde.<\/p>\n<p>La nota lleva la firma de los 116 candidatos a delegados de la Lista Verde: <em>Arce Marcelo, Aguirre Roberto, Aguirre Marcelo, Aranda Sandra, Arauz Fabiana, Aizcurri Luis, Aquila Alexander, Ben\u00edtez Rub\u00e9n, Roberto Bueno, Bianco Carmen, Canga Silvia, Castrovinci Jorge, Castelli Adriana, Cavalli Luis, Ciappina Daniel, Cura Eva, Delgado Gustavo, Dominguez Marcelo, Dos Santos Hugo, Di Leo Walter, Dirgman Pablo, Durso Edgardo, Eric Rom\u00e1n, Ferreira Marquez Paulo, Fredes Adriana, Fleibeger Ricardo, Gianelli Marcella, Gonz\u00e1lez Laura, Grandi Jos\u00e9 Luis, Guitart Daniel, Giorgis Mirta; Herrobidart Francisco, Hanmermisch Jorge; Hohl Enrique, Jerez Marcela, Joel Rom\u00e1n, Jerez Geraldine, Iglesias Juan Carlos, Kessler Marcelo, Leguizam\u00f3n Ram\u00f3n, Lastra Marcelo, Lalli Angel, Lolli Jonatan, Leal Nicol\u00e1s, Llera Mario, L\u00f3pez Eleno, Lorenzo Fito, Mart\u00edn Miguel, Manquepan Alberto, Mamani Mario, Herrera Cristian, Mar\u00eda Carlos, Merlos Choclo, Meringer H\u00e9ctor, Mil\u00e1n Javier, Musa Nestor, Oriti Roberto, Oroquieta Daniel, Parini Juan Carlos, Osellame Claudia, Occhi Sergio, Orfanelli Graciela, Quintero Emilia, Quintero Jos\u00e9, Recavarren Luis, Riffo Mar\u00eda, Rodr\u00edguez Fabi\u00e1n, Sanz Juan, Rom\u00e1n Daniel, Rom\u00e1n El\u00edas, Saldumbide Carlos, Swindt Miguel Angel, Schonfeld Jorge, Sieberjart Marcela; Spitale Fernando, Torregiani Carlos, Vicente Ferm\u00edn, Vivas Cristina, Videla Jorge Regino, Villar Guillermo<\/em>.<\/p>\n","protected":false},"excerpt":{"rendered":"<p>Se mostraron cr\u00edticos de la convocatoria, a la que definieron como \u201cuna farsa in\u00fatil y una burla a la ciudadan\u00eda<\/p>\n","protected":false},"author":4,"featured_media":108057,"comment_status":"closed","ping_status":"closed","sticky":false,"template":"","format":"standard","meta":{"_jetpack_memberships_contains_paid_content":false,"footnotes":""},"categories":[5,1],"tags":[],"class_list":["post-110260","post","type-post","status-publish","format-standard","has-post-thumbnail","hentry","category-informacion-general","category-portada"],"jetpack_featured_media_url":"https:\/\/i0.wp.com\/cdnoticias.com\/wp-content\/uploads\/2024\/02\/WhatsApp-Image-2024-02-03-at-09.45.51.jpeg?fit=1160%2C868&ssl=1","jetpack_sharing_enabled":true,"_links":{"self":[{"href":"https:\/\/cdnoticias.com\/index.php\/wp-json\/wp\/v2\/posts\/110260","targetHints":{"allow":["GET"]}}],"collection":[{"href":"https:\/\/cdnoticias.com\/index.php\/wp-json\/wp\/v2\/posts"}],"about":[{"href":"https:\/\/cdnoticias.com\/index.php\/wp-json\/wp\/v2\/types\/post"}],"author":[{"embeddable":true,"href":"https:\/\/cdnoticias.com\/index.php\/wp-json\/wp\/v2\/users\/4"}],"replies":[{"embeddable":true,"href":"https:\/\/cdnoticias.com\/index.php\/wp-json\/wp\/v2\/comments?post=110260"}],"version-history":[{"count":0,"href":"https:\/\/cdnoticias.com\/index.php\/wp-json\/wp\/v2\/posts\/110260\/revisions"}],"wp:featuredmedia":[{"embeddable":true,"href":"https:\/\/cdnoticias.com\/index.php\/wp-json\/wp\/v2\/media\/108057"}],"wp:attachment":[{"href":"https:\/\/cdnoticias.com\/index.php\/wp-json\/wp\/v2\/media?parent=110260"}],"wp:term":[{"taxonomy":"category","embeddable":true,"href":"https:\/\/cdnoticias.com\/index.php\/wp-json\/wp\/v2\/categories?post=110260"},{"taxonomy":"post_tag","embeddable":true,"href":"https:\/\/cdnoticias.com\/index.php\/wp-json\/wp\/v2\/tags?post=110260"}],"curies":[{"name":"wp","href":"https:\/\/api.w.org\/{rel}","templated":true}]}}