{"id":110253,"date":"2024-03-04T11:04:09","date_gmt":"2024-03-04T14:04:09","guid":{"rendered":"https:\/\/cdnoticias.com\/?p=110253"},"modified":"2024-03-04T11:04:13","modified_gmt":"2024-03-04T14:04:13","slug":"telam-dejo-de-funcionar-a-la-madrugada-y-la-policia-vallo-el-edificio-donde-esta-su-redaccion","status":"publish","type":"post","link":"https:\/\/cdnoticias.com\/index.php\/2024\/03\/04\/telam-dejo-de-funcionar-a-la-madrugada-y-la-policia-vallo-el-edificio-donde-esta-su-redaccion\/","title":{"rendered":"T\u00e9lam dej\u00f3 de funcionar a la madrugada y la Polic\u00eda vall\u00f3 el edificio donde est\u00e1 su redacci\u00f3n\u00a0\u00a0\u00a0\u00a0\u00a0"},"content":{"rendered":"\n<p>\u201cDispensaron\u201d de funciones a m\u00e1s de 700 trabajadores, su enorme mayor\u00eda trabajadores de prensa. Milei hab\u00eda anticipado su cierre en su discurso de Inauguraci\u00f3n de Sesiones, aunque no hubo decreto ni Ley que confirme el cierre.<\/p>\n\n\n\n<hr class=\"wp-block-separator aligncenter has-alpha-channel-opacity\"\/>\n\n\n\n<p>Luego del anuncio de cierre que hizo el presidente Javier Milei el viernes en su discurso ante la asamblea legislativa,<strong> la agencia de noticias T\u00e9lam dej\u00f3 de funcionar esta madrugada y la Polic\u00eda vall\u00f3 el edificio donde se encuentra la redacci\u00f3n, donde este mediod\u00eda los trabajadores realizar\u00e1n un abrazo simb\u00f3lico.<\/strong><\/p>\n\n\n\n<p>Milei anunci\u00f3 el cierre de T\u00e9lam en su discurso el viernes pasado en el marco de la apertura de sesiones cuando se\u00f1al\u00f3 que el lugar \u201cha sido utilizada durante las \u00faltimas d\u00e9cadas como agencia de propaganda kirchnerista\u201d. <strong>Cabe se\u00f1alar que no se derog\u00f3 la Ley que cre\u00f3 la Agencia, ni tampoco se envi\u00f3 un proyecto que pida el cierre al Congreso.<\/strong><\/p>\n\n\n\n<blockquote class=\"wp-block-quote is-layout-flow wp-block-quote-is-layout-flow\">\n<p>La p\u00e1gina web se encuentra ca\u00edda y no se puede acceder a los contenidos publicados, como cables, fotos, videos e infograf\u00edas. El \u00faltimo cable de la agencia de noticias, fundada en 1945, fue a la una de la ma\u00f1ana donde se informaba el cierre y el \u201cabrazo simb\u00f3lico\u201d al edificio en contra del anuncio del presidente.<\/p>\n<\/blockquote>\n\n\n\n<p><em>\u201cPor medio de la presente se notifica que todo el personal de Telam S.E. se encuentra dispensado de prestar su d\u00e9bito laboral por el plazo de siete (7) d\u00edas con goce de haberes a partir de las 23.59 horas del domingo 3 de marzo del corriente\u201d,<\/em> dice la comunicaci\u00f3n firmada por el interventor Diego Chaher enviada a los trabajadores de la agencia.<\/p>\n\n\n\n<p>Ante la colocaci\u00f3n de las vallas que impide el acceso a los edificios de las calles Bol\u00edvar y Belgrano del centro porte\u00f1o<strong>, los dirigentes del Sipreba se presentaron en estas dos sedes \u201cpara garantizar el resguardo del patrimonio p\u00fablico\u201d, indic\u00f3 el gremio.<\/strong><\/p>\n\n\n\n<p><strong>El abrazo simb\u00f3lico a los edificios, previsto para las 12.30, y del que participar\u00e1n trabajadores de la agencia, dirigentes de varios gremios y de la CGT y las dos CTA,<\/strong> entre otros, fue convocado tras el anuncio del presidente de cierre de la agencia durante su discurso de apertura de sesiones extraordinarias ante la Asamblea Legislativa el viernes pasado.<\/p>\n\n\n\n<p>Milei argument\u00f3 que T\u00e9lam<em> \u201cha sido utilizada durante las \u00faltimas d\u00e9cadas como agencia de propaganda kirchnerista\u201d<\/em>, al igual que ya lo hizo Hern\u00e1n Lombardi quien fuera secretario de Medios P\u00fablicos durante el Gobierno de Mauricio Macri, cuando en 2018 se ordenaron 357 despidos en la agencia, la mayor\u00eda de los cuales fueron luego revertidos luego por la Justicia. \u00a0<\/p>\n\n\n\n<p><em>Con informaci\u00f3n de DIB<\/em><\/p>\n","protected":false},"excerpt":{"rendered":"<p>\u201cDispensaron\u201d de funciones a m\u00e1s de 700 trabajadores, su enorme mayor\u00eda trabajadores de prensa. Milei hab\u00eda anticipado su cierre en<\/p>\n","protected":false},"author":2,"featured_media":110256,"comment_status":"closed","ping_status":"closed","sticky":false,"template":"","format":"standard","meta":{"_jetpack_memberships_contains_paid_content":false,"footnotes":""},"categories":[6,1],"tags":[],"class_list":["post-110253","post","type-post","status-publish","format-standard","has-post-thumbnail","hentry","category-nacionales","category-portada"],"jetpack_featured_media_url":"https:\/\/i0.wp.com\/cdnoticias.com\/wp-content\/uploads\/2024\/03\/cierre-telam.jpg?fit=875%2C567&ssl=1","jetpack_sharing_enabled":true,"_links":{"self":[{"href":"https:\/\/cdnoticias.com\/index.php\/wp-json\/wp\/v2\/posts\/110253","targetHints":{"allow":["GET"]}}],"collection":[{"href":"https:\/\/cdnoticias.com\/index.php\/wp-json\/wp\/v2\/posts"}],"about":[{"href":"https:\/\/cdnoticias.com\/index.php\/wp-json\/wp\/v2\/types\/post"}],"author":[{"embeddable":true,"href":"https:\/\/cdnoticias.com\/index.php\/wp-json\/wp\/v2\/users\/2"}],"replies":[{"embeddable":true,"href":"https:\/\/cdnoticias.com\/index.php\/wp-json\/wp\/v2\/comments?post=110253"}],"version-history":[{"count":0,"href":"https:\/\/cdnoticias.com\/index.php\/wp-json\/wp\/v2\/posts\/110253\/revisions"}],"wp:featuredmedia":[{"embeddable":true,"href":"https:\/\/cdnoticias.com\/index.php\/wp-json\/wp\/v2\/media\/110256"}],"wp:attachment":[{"href":"https:\/\/cdnoticias.com\/index.php\/wp-json\/wp\/v2\/media?parent=110253"}],"wp:term":[{"taxonomy":"category","embeddable":true,"href":"https:\/\/cdnoticias.com\/index.php\/wp-json\/wp\/v2\/categories?post=110253"},{"taxonomy":"post_tag","embeddable":true,"href":"https:\/\/cdnoticias.com\/index.php\/wp-json\/wp\/v2\/tags?post=110253"}],"curies":[{"name":"wp","href":"https:\/\/api.w.org\/{rel}","templated":true}]}}