{"id":110251,"date":"2024-03-04T11:21:11","date_gmt":"2024-03-04T14:21:11","guid":{"rendered":"https:\/\/cdnoticias.com\/?p=110251"},"modified":"2024-03-04T11:21:13","modified_gmt":"2024-03-04T14:21:13","slug":"asamblea-ordinaria-de-la-alianza-francesa","status":"publish","type":"post","link":"https:\/\/cdnoticias.com\/index.php\/2024\/03\/04\/asamblea-ordinaria-de-la-alianza-francesa\/","title":{"rendered":"Asamblea ordinaria de la Alianza Francesa"},"content":{"rendered":"<p>Se realizar\u00e1 el 18 de marzo a las 18.30 en la sede de Dorrego 3161. Se renovar\u00e1n la comisi\u00f3n directiva y la comisi\u00f3n revisora de cuentas.<\/p>\n<p><!--more--><\/p>\n<hr \/>\n<p>La <strong>Alianza Francesa de Olavarr\u00eda<\/strong> convoc\u00f3 a sus socios para la <strong>Asamblea Ordinaria<\/strong>, el d\u00eda <strong>18 de marzo del 2024<\/strong>, a las <strong>18.30<\/strong> en la sede social ubicada en <strong>Dorrego N\u00b0 3161<\/strong> de Olavarr\u00eda.<\/p>\n<p>Se considerar\u00e1 el siguiente orden del d\u00eda:<\/p>\n<p>1) Elecci\u00f3n de dos asociados para firmar el acta de la asamblea;<br \/>\n2) Consideraci\u00f3n de la memoria, el inventario, y el balance general correspondientes, cerrado al 31 de diciembre del a\u00f1o 2022;<br \/>\n3) Consideraci\u00f3n de la memoria, el inventario, y el balance general correspondientes, cerrado el 31 de diciembre del a\u00f1o 2023;<br \/>\n4) Nombrar una comisi\u00f3n escrutadora de cuatro miembros que reciba los votos y practique el escrutinio conforme lo dispuesto en el art\u00edculo d\u00e9cimo octavo;<br \/>\n5) Elecci\u00f3n total de los cargos de Comisi\u00f3n Directiva y Comisi\u00f3n Revisora de cuentas conforme a lo dispuesto en el art\u00edculo vig\u00e9simo noveno del estatuto.<\/p>\n","protected":false},"excerpt":{"rendered":"<p>Se realizar\u00e1 el 18 de marzo a las 18.30 en la sede de Dorrego 3161. Se renovar\u00e1n la comisi\u00f3n directiva<\/p>\n","protected":false},"author":4,"featured_media":79859,"comment_status":"closed","ping_status":"closed","sticky":false,"template":"","format":"standard","meta":{"_jetpack_memberships_contains_paid_content":false,"footnotes":""},"categories":[5],"tags":[],"class_list":["post-110251","post","type-post","status-publish","format-standard","has-post-thumbnail","hentry","category-informacion-general"],"jetpack_featured_media_url":"https:\/\/i0.wp.com\/cdnoticias.com\/wp-content\/uploads\/2023\/03\/alianza-francesa-01.jpg?fit=800%2C445&ssl=1","jetpack_sharing_enabled":true,"_links":{"self":[{"href":"https:\/\/cdnoticias.com\/index.php\/wp-json\/wp\/v2\/posts\/110251","targetHints":{"allow":["GET"]}}],"collection":[{"href":"https:\/\/cdnoticias.com\/index.php\/wp-json\/wp\/v2\/posts"}],"about":[{"href":"https:\/\/cdnoticias.com\/index.php\/wp-json\/wp\/v2\/types\/post"}],"author":[{"embeddable":true,"href":"https:\/\/cdnoticias.com\/index.php\/wp-json\/wp\/v2\/users\/4"}],"replies":[{"embeddable":true,"href":"https:\/\/cdnoticias.com\/index.php\/wp-json\/wp\/v2\/comments?post=110251"}],"version-history":[{"count":0,"href":"https:\/\/cdnoticias.com\/index.php\/wp-json\/wp\/v2\/posts\/110251\/revisions"}],"wp:featuredmedia":[{"embeddable":true,"href":"https:\/\/cdnoticias.com\/index.php\/wp-json\/wp\/v2\/media\/79859"}],"wp:attachment":[{"href":"https:\/\/cdnoticias.com\/index.php\/wp-json\/wp\/v2\/media?parent=110251"}],"wp:term":[{"taxonomy":"category","embeddable":true,"href":"https:\/\/cdnoticias.com\/index.php\/wp-json\/wp\/v2\/categories?post=110251"},{"taxonomy":"post_tag","embeddable":true,"href":"https:\/\/cdnoticias.com\/index.php\/wp-json\/wp\/v2\/tags?post=110251"}],"curies":[{"name":"wp","href":"https:\/\/api.w.org\/{rel}","templated":true}]}}