{"id":110241,"date":"2024-03-04T17:08:45","date_gmt":"2024-03-04T20:08:45","guid":{"rendered":"https:\/\/cdnoticias.com\/?p=110241"},"modified":"2024-03-04T17:08:47","modified_gmt":"2024-03-04T20:08:47","slug":"segundo-encuentro-de-la-mesa-interinstitucional-de-lucha-contra-la-trata-de-personas","status":"publish","type":"post","link":"https:\/\/cdnoticias.com\/index.php\/2024\/03\/04\/segundo-encuentro-de-la-mesa-interinstitucional-de-lucha-contra-la-trata-de-personas\/","title":{"rendered":"Segundo encuentro de la Mesa Interinstitucional de Lucha Contra la Trata de Personas"},"content":{"rendered":"<p>Se concret\u00f3 en la ciudad de Azul y, entre los presentes estuvieron integrantes de Animate de Olavarr\u00eda. El objetivo fue \u201cfortalecer la colaboraci\u00f3n interinstitucional en la S\u00e9ptima Secci\u00f3n\u201d en la lucha contra la trata de personas y el grooming.<\/p>\n<p><!--more--><\/p>\n<hr \/>\n<p>El pasado 28 de febrero, la<strong> ciudad de Azul<\/strong> fue testigo del <strong>segundo encuentro de la Mesa Interinstitucional de Lucha Contra la Trata de Personas<\/strong>.<\/p>\n<p>Se realiz\u00f3 en la Di\u00f3cesis de Azul con la presencia de Monse\u00f1or Hugo Salaberry. Entre los presentes estuvieron representantes de la<strong> asociaci\u00f3n Animate de Olavarr\u00eda<\/strong>. Tambi\u00e9n participaron la diputada provincial Laura Aloisi, integrantes del Comit\u00e9 Ejecutivo de Lucha Contra la Trata de Personas, representantes de los Ministerios de Salud y Trabajo de la Provincia de Buenos Aires, Fiscal\u00eda Federal, Defensa P\u00fablica y Facultad de Derecho de la UNICEN. Asimismo formaron parte concejales\/as de Azul y directivos\/as de \u00e1reas espec\u00edficas de la Municipalidad de Azul (Direcci\u00f3n de Cultura, Direcci\u00f3n de Atenci\u00f3n Primaria de la Salud, Consejo Municipal de Personas con Discapacidad, Desarrollo Productivo Local, Arraigo y Empleo, Pol\u00edticas de G\u00e9nero y Diversidad), referentes de Polic\u00eda Federal Argentina, Gendarmer\u00eda Nacional, Comisi\u00f3n Nacional de Regulaci\u00f3n del Transporte, AFIP distrito Azul, la asociaci\u00f3n civil Vivas con Ely Mendilaharzu de Azul y directivos de educaci\u00f3n superior de Azul: ISFDYT N\u00b0 \u201cMarie Malere\u201d e ISFD N\u00b0 156 \u201cPalmiro Bogliano\u201d.<\/p>\n<p><img data-recalc-dims=\"1\" loading=\"lazy\" decoding=\"async\" class=\"size-full wp-image-110242 aligncenter\" src=\"https:\/\/i0.wp.com\/cdnoticias.com\/wp-content\/uploads\/2024\/03\/mesa-contra-la-trata-de-personas-2.jpg?resize=800%2C262&#038;ssl=1\" alt=\"\" width=\"800\" height=\"262\" srcset=\"https:\/\/i0.wp.com\/cdnoticias.com\/wp-content\/uploads\/2024\/03\/mesa-contra-la-trata-de-personas-2.jpg?w=1000&amp;ssl=1 1000w, https:\/\/i0.wp.com\/cdnoticias.com\/wp-content\/uploads\/2024\/03\/mesa-contra-la-trata-de-personas-2.jpg?resize=300%2C98&amp;ssl=1 300w, https:\/\/i0.wp.com\/cdnoticias.com\/wp-content\/uploads\/2024\/03\/mesa-contra-la-trata-de-personas-2.jpg?resize=768%2C252&amp;ssl=1 768w\" sizes=\"auto, (max-width: 800px) 100vw, 800px\" \/><\/p>\n<p><img data-recalc-dims=\"1\" loading=\"lazy\" decoding=\"async\" class=\"size-full wp-image-110243 aligncenter\" src=\"https:\/\/i0.wp.com\/cdnoticias.com\/wp-content\/uploads\/2024\/03\/mesa-contra-la-trata-de-personas-3.jpg?resize=800%2C445&#038;ssl=1\" alt=\"\" width=\"800\" height=\"445\" srcset=\"https:\/\/i0.wp.com\/cdnoticias.com\/wp-content\/uploads\/2024\/03\/mesa-contra-la-trata-de-personas-3.jpg?w=1000&amp;ssl=1 1000w, https:\/\/i0.wp.com\/cdnoticias.com\/wp-content\/uploads\/2024\/03\/mesa-contra-la-trata-de-personas-3.jpg?resize=300%2C167&amp;ssl=1 300w, https:\/\/i0.wp.com\/cdnoticias.com\/wp-content\/uploads\/2024\/03\/mesa-contra-la-trata-de-personas-3.jpg?resize=768%2C427&amp;ssl=1 768w, https:\/\/i0.wp.com\/cdnoticias.com\/wp-content\/uploads\/2024\/03\/mesa-contra-la-trata-de-personas-3.jpg?resize=800%2C445&amp;ssl=1 800w\" sizes=\"auto, (max-width: 800px) 100vw, 800px\" \/><\/p>\n<blockquote><p>Seg\u00fan se inform\u00f3, \u201cel evento tuvo como objetivo fortalecer la colaboraci\u00f3n interinstitucional en la S\u00e9ptima Secci\u00f3n de la Provincia de Buenos Aires en la constante lucha contra la trata de personas y el grooming\u201d.<\/p><\/blockquote>\n<p>Se abordaron diversos temas cruciales. Se destac\u00f3 la<strong> importancia del relevamiento estad\u00edstico sobre casos de trata de personas y grooming<\/strong> en la regi\u00f3n como punto de partida para estrategias preventivas. Tambi\u00e9n se abord\u00f3 como una propuesta significativa la <strong>mejora en la respuesta institucional inmediata, eficiente y acorde a las situaciones de urgencia demandadas<\/strong>. Adem\u00e1s, se proyectaron <strong>capacitaciones sobre la detecci\u00f3n de indicios de trata de personas y grooming<\/strong> en distintos contextos sociales.<\/p>\n<p><img data-recalc-dims=\"1\" loading=\"lazy\" decoding=\"async\" class=\"size-full wp-image-110244 aligncenter\" src=\"https:\/\/i0.wp.com\/cdnoticias.com\/wp-content\/uploads\/2024\/03\/mesa-contra-la-trata-de-personas-4.jpg?resize=800%2C445&#038;ssl=1\" alt=\"\" width=\"800\" height=\"445\" srcset=\"https:\/\/i0.wp.com\/cdnoticias.com\/wp-content\/uploads\/2024\/03\/mesa-contra-la-trata-de-personas-4.jpg?w=1000&amp;ssl=1 1000w, https:\/\/i0.wp.com\/cdnoticias.com\/wp-content\/uploads\/2024\/03\/mesa-contra-la-trata-de-personas-4.jpg?resize=300%2C167&amp;ssl=1 300w, https:\/\/i0.wp.com\/cdnoticias.com\/wp-content\/uploads\/2024\/03\/mesa-contra-la-trata-de-personas-4.jpg?resize=768%2C427&amp;ssl=1 768w, https:\/\/i0.wp.com\/cdnoticias.com\/wp-content\/uploads\/2024\/03\/mesa-contra-la-trata-de-personas-4.jpg?resize=800%2C445&amp;ssl=1 800w\" sizes=\"auto, (max-width: 800px) 100vw, 800px\" \/><\/p>\n<p><img data-recalc-dims=\"1\" loading=\"lazy\" decoding=\"async\" class=\"size-full wp-image-110245 aligncenter\" src=\"https:\/\/i0.wp.com\/cdnoticias.com\/wp-content\/uploads\/2024\/03\/mesa-contra-la-trata-de-personas-5.jpg?resize=800%2C445&#038;ssl=1\" alt=\"\" width=\"800\" height=\"445\" srcset=\"https:\/\/i0.wp.com\/cdnoticias.com\/wp-content\/uploads\/2024\/03\/mesa-contra-la-trata-de-personas-5.jpg?w=1000&amp;ssl=1 1000w, https:\/\/i0.wp.com\/cdnoticias.com\/wp-content\/uploads\/2024\/03\/mesa-contra-la-trata-de-personas-5.jpg?resize=300%2C167&amp;ssl=1 300w, https:\/\/i0.wp.com\/cdnoticias.com\/wp-content\/uploads\/2024\/03\/mesa-contra-la-trata-de-personas-5.jpg?resize=768%2C427&amp;ssl=1 768w, https:\/\/i0.wp.com\/cdnoticias.com\/wp-content\/uploads\/2024\/03\/mesa-contra-la-trata-de-personas-5.jpg?resize=800%2C445&amp;ssl=1 800w\" sizes=\"auto, (max-width: 800px) 100vw, 800px\" \/><\/p>\n<p>\u201cLa colaboraci\u00f3n y compromiso de los participantes resultaron fundamentales para establecer las bases de estas acciones. Se acord\u00f3 conjuntamente la<strong> fecha para un pr\u00f3ximo encuentro de la mesa<\/strong>, programado hacia<strong> finales de mayo<\/strong>, con el prop\u00f3sito de dar continuidad a este trabajo conjunto\u201d se destac\u00f3.<\/p>\n<p>La organizaci\u00f3n agradeci\u00f3 la participaci\u00f3n activa de los asistentes y reafirm\u00f3<strong> \u201csu compromiso inquebrantable en la lucha contra la trata de personas\u201d<\/strong>.<\/p>\n<blockquote class=\"wp-embedded-content\" data-secret=\"MmNm1MWSh8\"><p><a href=\"https:\/\/cdnoticias.com\/index.php\/2024\/01\/07\/avances-significativos-en-la-lucha-contra-la-trata-de-personas-en-la-septima-seccion\/\">\u201cAvances significativos\u201d en la lucha contra la trata de personas en la S\u00e9ptima Secci\u00f3n<\/a><\/p><\/blockquote>\n<p><iframe loading=\"lazy\" class=\"wp-embedded-content\" sandbox=\"allow-scripts\" security=\"restricted\" style=\"position: absolute; visibility: hidden;\" title=\"&#8220;\u201cAvances significativos\u201d en la lucha contra la trata de personas en la S\u00e9ptima Secci\u00f3n&#8221; &#8212; Central de Noticias | Olavarr\u00eda\" src=\"https:\/\/cdnoticias.com\/index.php\/2024\/01\/07\/avances-significativos-en-la-lucha-contra-la-trata-de-personas-en-la-septima-seccion\/embed\/#?secret=5qlAzR6sNP#?secret=MmNm1MWSh8\" data-secret=\"MmNm1MWSh8\" width=\"600\" height=\"338\" frameborder=\"0\" marginwidth=\"0\" marginheight=\"0\" scrolling=\"no\"><\/iframe><\/p>\n","protected":false},"excerpt":{"rendered":"<p>Se concret\u00f3 en la ciudad de Azul y, entre los presentes estuvieron integrantes de Animate de Olavarr\u00eda. El objetivo fue<\/p>\n","protected":false},"author":4,"featured_media":110246,"comment_status":"closed","ping_status":"closed","sticky":false,"template":"","format":"standard","meta":{"_jetpack_memberships_contains_paid_content":false,"footnotes":""},"categories":[5,1],"tags":[],"class_list":["post-110241","post","type-post","status-publish","format-standard","has-post-thumbnail","hentry","category-informacion-general","category-portada"],"jetpack_featured_media_url":"https:\/\/i0.wp.com\/cdnoticias.com\/wp-content\/uploads\/2024\/03\/mesa-contra-la-trata-de-personas-1.jpg?fit=1000%2C556&ssl=1","jetpack_sharing_enabled":true,"_links":{"self":[{"href":"https:\/\/cdnoticias.com\/index.php\/wp-json\/wp\/v2\/posts\/110241","targetHints":{"allow":["GET"]}}],"collection":[{"href":"https:\/\/cdnoticias.com\/index.php\/wp-json\/wp\/v2\/posts"}],"about":[{"href":"https:\/\/cdnoticias.com\/index.php\/wp-json\/wp\/v2\/types\/post"}],"author":[{"embeddable":true,"href":"https:\/\/cdnoticias.com\/index.php\/wp-json\/wp\/v2\/users\/4"}],"replies":[{"embeddable":true,"href":"https:\/\/cdnoticias.com\/index.php\/wp-json\/wp\/v2\/comments?post=110241"}],"version-history":[{"count":0,"href":"https:\/\/cdnoticias.com\/index.php\/wp-json\/wp\/v2\/posts\/110241\/revisions"}],"wp:featuredmedia":[{"embeddable":true,"href":"https:\/\/cdnoticias.com\/index.php\/wp-json\/wp\/v2\/media\/110246"}],"wp:attachment":[{"href":"https:\/\/cdnoticias.com\/index.php\/wp-json\/wp\/v2\/media?parent=110241"}],"wp:term":[{"taxonomy":"category","embeddable":true,"href":"https:\/\/cdnoticias.com\/index.php\/wp-json\/wp\/v2\/categories?post=110241"},{"taxonomy":"post_tag","embeddable":true,"href":"https:\/\/cdnoticias.com\/index.php\/wp-json\/wp\/v2\/tags?post=110241"}],"curies":[{"name":"wp","href":"https:\/\/api.w.org\/{rel}","templated":true}]}}