{"id":11014,"date":"2021-01-09T13:47:54","date_gmt":"2021-01-09T16:47:54","guid":{"rendered":"http:\/\/www.centraldenoticias.com.ar\/?p=11014"},"modified":"2021-01-09T13:47:54","modified_gmt":"2021-01-09T16:47:54","slug":"nueva-movilizacion-por-enzo-marconi-a-11-meses-de-su-muerte","status":"publish","type":"post","link":"https:\/\/cdnoticias.com\/index.php\/2021\/01\/09\/nueva-movilizacion-por-enzo-marconi-a-11-meses-de-su-muerte\/","title":{"rendered":"Nueva movilizaci\u00f3n por Enzo Marconi a 11 meses de su muerte"},"content":{"rendered":"<p>Fue frente al monoblock del barrio Jard\u00edn donde fue baleado. La convocatoria fue encabezada por su mam\u00e1, Yesica Salguero.<!--more--><\/p>\n<hr \/>\n<p>En la jornada del viernes, <strong>familiares y amigos de Enzo Salguero volvieron a movilizarse para conmemorar los 11 meses de la muerte del joven producto de un disparo.<\/strong><\/p>\n<p>&nbsp;<\/p>\n<p>Fue<strong> frente al monoblock del barrio Jard\u00edn donde fue baleado el joven, con una bandera en pedido de Justicia<\/strong> y varias pancartas con leyendas tales como <em>\u201cno es accidente portar un arma de fuego\u201d.<\/em><\/p>\n<p>&nbsp;<\/p>\n<p><img data-recalc-dims=\"1\" loading=\"lazy\" decoding=\"async\" class=\"alignnone size-full wp-image-11016\" src=\"https:\/\/i0.wp.com\/cdnoticias.com\/wp-content\/uploads\/2021\/01\/WhatsApp-Image-2021-01-09-at-12.20.31.jpeg?resize=720%2C1280&#038;ssl=1\" alt=\"\" width=\"720\" height=\"1280\" srcset=\"https:\/\/i0.wp.com\/cdnoticias.com\/wp-content\/uploads\/2021\/01\/WhatsApp-Image-2021-01-09-at-12.20.31.jpeg?w=720&amp;ssl=1 720w, https:\/\/i0.wp.com\/cdnoticias.com\/wp-content\/uploads\/2021\/01\/WhatsApp-Image-2021-01-09-at-12.20.31.jpeg?resize=169%2C300&amp;ssl=1 169w, https:\/\/i0.wp.com\/cdnoticias.com\/wp-content\/uploads\/2021\/01\/WhatsApp-Image-2021-01-09-at-12.20.31.jpeg?resize=576%2C1024&amp;ssl=1 576w\" sizes=\"auto, (max-width: 720px) 100vw, 720px\" \/><\/p>\n<p>&nbsp;<\/p>\n<p>La movilizaci\u00f3n fue encabezada por Yesica Salguero, madre de Enzo, quien renov\u00f3 el pedido de Justicia por su hijo y dej\u00f3 en claro que <strong><em>\u201cvamos a seguir peleando\u201d.<\/em><\/strong><\/p>\n<p>&nbsp;<\/p>\n<p><strong>Enzo Marconi, de 18 a\u00f1os, muri\u00f3 tras ser alcanzado por un disparo cuando se encontraba junto a un grupo de adolescentes<\/strong> en el interior de un departamento del mono block 9 del barrio Jard\u00edn.<\/p>\n","protected":false},"excerpt":{"rendered":"<p>Fue frente al monoblock del barrio Jard\u00edn donde fue baleado. La convocatoria fue encabezada por su mam\u00e1, Yesica Salguero.<\/p>\n","protected":false},"author":2,"featured_media":11015,"comment_status":"closed","ping_status":"closed","sticky":false,"template":"","format":"standard","meta":{"_jetpack_memberships_contains_paid_content":false,"footnotes":""},"categories":[5,1],"tags":[],"class_list":["post-11014","post","type-post","status-publish","format-standard","has-post-thumbnail","hentry","category-informacion-general","category-portada"],"jetpack_featured_media_url":"https:\/\/i0.wp.com\/cdnoticias.com\/wp-content\/uploads\/2021\/01\/WhatsApp-Image-2021-01-09-at-12.20.31-1.jpeg?fit=704%2C479&ssl=1","jetpack_sharing_enabled":true,"_links":{"self":[{"href":"https:\/\/cdnoticias.com\/index.php\/wp-json\/wp\/v2\/posts\/11014","targetHints":{"allow":["GET"]}}],"collection":[{"href":"https:\/\/cdnoticias.com\/index.php\/wp-json\/wp\/v2\/posts"}],"about":[{"href":"https:\/\/cdnoticias.com\/index.php\/wp-json\/wp\/v2\/types\/post"}],"author":[{"embeddable":true,"href":"https:\/\/cdnoticias.com\/index.php\/wp-json\/wp\/v2\/users\/2"}],"replies":[{"embeddable":true,"href":"https:\/\/cdnoticias.com\/index.php\/wp-json\/wp\/v2\/comments?post=11014"}],"version-history":[{"count":0,"href":"https:\/\/cdnoticias.com\/index.php\/wp-json\/wp\/v2\/posts\/11014\/revisions"}],"wp:featuredmedia":[{"embeddable":true,"href":"https:\/\/cdnoticias.com\/index.php\/wp-json\/wp\/v2\/media\/11015"}],"wp:attachment":[{"href":"https:\/\/cdnoticias.com\/index.php\/wp-json\/wp\/v2\/media?parent=11014"}],"wp:term":[{"taxonomy":"category","embeddable":true,"href":"https:\/\/cdnoticias.com\/index.php\/wp-json\/wp\/v2\/categories?post=11014"},{"taxonomy":"post_tag","embeddable":true,"href":"https:\/\/cdnoticias.com\/index.php\/wp-json\/wp\/v2\/tags?post=11014"}],"curies":[{"name":"wp","href":"https:\/\/api.w.org\/{rel}","templated":true}]}}