{"id":110120,"date":"2024-03-01T17:50:22","date_gmt":"2024-03-01T20:50:22","guid":{"rendered":"https:\/\/cdnoticias.com\/?p=110120"},"modified":"2024-03-01T20:20:30","modified_gmt":"2024-03-01T23:20:30","slug":"stmo-senalaron-que-cicop-no-tiene-incumbencia-en-las-relaciones-laborales-del-municipio","status":"publish","type":"post","link":"https:\/\/cdnoticias.com\/index.php\/2024\/03\/01\/stmo-senalaron-que-cicop-no-tiene-incumbencia-en-las-relaciones-laborales-del-municipio\/","title":{"rendered":"STMO: se\u00f1alaron que CICOP \u201cno tiene incumbencia en las relaciones laborales\u201d del Municipio"},"content":{"rendered":"\n<p>El sindicato sali\u00f3 a responder la nota emitida por la Asociaci\u00f3n de Profesionales dentro de CICOP. Lamentaron \u201cel mal asesoramiento\u201d y citaron un fallo de la Suprema Corte bonaerense.<\/p>\n\n\n\n<hr class=\"wp-block-separator aligncenter has-alpha-channel-opacity\"\/>\n\n\n\n<p>Tras la pol\u00e9mica por la postura de la Asociaci\u00f3n de Profesionales (CICOP Seccional Olavarr\u00eda) con respecto a las negociaciones paritarias entre el Municipio y los trabajadores Municipales, <strong>el Sindicato de Trabajadores Municipales (STMO) emiti\u00f3 un \u201ccomunicado de respuesta\u201d en torno a los dichos de los profesionales tras la asamblea del pasado por la noche.<\/strong><\/p>\n\n\n\n<figure class=\"wp-block-embed is-type-wp-embed is-provider-central-de-noticias-olavarr-a wp-block-embed-central-de-noticias-olavarr-a\"><div class=\"wp-block-embed__wrapper\">\n<blockquote class=\"wp-embedded-content\" data-secret=\"NJG0C3Qbf1\"><a href=\"https:\/\/cdnoticias.com\/index.php\/2024\/03\/01\/profesionales-de-la-salud-expusieron-impedimentos-y-violencia-por-parte-del-sindicato-de-municipales\/\">Profesionales de la salud expusieron impedimentos y violencia por parte del Sindicato de Municipales<\/a><\/blockquote><iframe loading=\"lazy\" class=\"wp-embedded-content\" sandbox=\"allow-scripts\" security=\"restricted\" style=\"position: absolute; clip: rect(1px, 1px, 1px, 1px);\" title=\"&#8220;Profesionales de la salud expusieron impedimentos y violencia por parte del Sindicato de Municipales&#8221; &#8212; Central de Noticias | Olavarr\u00eda\" src=\"https:\/\/cdnoticias.com\/index.php\/2024\/03\/01\/profesionales-de-la-salud-expusieron-impedimentos-y-violencia-por-parte-del-sindicato-de-municipales\/embed\/#?secret=yQV2uUCFiB#?secret=NJG0C3Qbf1\" data-secret=\"NJG0C3Qbf1\" width=\"600\" height=\"338\" frameborder=\"0\" marginwidth=\"0\" marginheight=\"0\" scrolling=\"no\"><\/iframe>\n<\/div><\/figure>\n\n\n\n<p>El STMO cit\u00f3 un p\u00e1rrafo de la nota emitida por la APRO en el que los profesionales expresaron que<em> \u201cante esta posibilidad de participaci\u00f3n que ofrec\u00eda el Ministerio de Trabajo, los profesionales consultamos al Secretario del STMO si pod\u00edamos concurrir, la respuesta fue s\u00ed (\u2026)\u201d.<\/em><\/p>\n\n\n\n<p>Sobre este punto, <strong>la dirigencia del STMO aclar\u00f3 que <em>\u201cuna vez dictada la Conciliaci\u00f3n Obligatoria por parte del Ministerio de Trabajo, nunca le comunicaron al Secretario General Jos\u00e9 Salvador Stuppia que concurrir\u00edan en representaci\u00f3n de la Cicop, dado que ese gremio al que hacen alusi\u00f3n no tiene incumbencia en las relaciones laborales dentro de la \u00f3rbita municipal de Olavarr\u00eda\u201d.<\/em><\/strong><\/p>\n\n\n\n<p>Desconocieron, por ello,<em><strong> \u201cqu\u00e9 autorizaci\u00f3n manifiestan que les otorg\u00f3 el STMO para participar de una audiencia de conciliaci\u00f3n a la que solamente estaban citados la Municipalidad de Olavarr\u00eda y el Sindicato de Trabajadores Municipales de Olavarr\u00eda\u201d.<\/strong><\/em><\/p>\n\n\n\n<p>En otra cita vinculada a la situaci\u00f3n vivida en La Plata al denunciar que \u201cel STMO se neg\u00f3 a que Cicop estuviera presente, aduciendo que solo el STMO tiene el derecho de representarnos en esta instancia. Los argumentos para esta negativa son, que CICOP no tiene personer\u00eda gremial, lo cual es cierto tiene inscripci\u00f3n gremial lo cual nos permite participar de paritarias, solo no podemos firmar el Convenio colectivo de trabajo\u201d <strong>el STMO tambi\u00e9n \u201clament\u00f3\u201d el \u201cmal asesoramiento\u201d de los Profesionales.<\/strong><\/p>\n\n\n\n<blockquote class=\"wp-block-quote is-layout-flow wp-block-quote-is-layout-flow\">\n<p>\u201cNo se trata de una disposici\u00f3n del Sindicato, sino que el criterio deviene del Art. 31 de la\u00a0 Ley de Asociaciones Sindicales 23.551, de la Doctrina imperante del Comite de Libertad Sindical de la Organizaci\u00f3n Internacional del Trabajo (0.I.T), de la Ley N\u00ba 14.656 y de un fallo contundente de la Suprema Corte de Justicia de la provincia de Buenos Aires\u201d.<\/p>\n<\/blockquote>\n\n\n\n<p>Por ello, resaltaron que <em><strong>\u201cen nuestro derecho positivo est\u00e1 consagrado el principio de \u201cSindicato \u00fanico por actividad&#8221;, mediante el otorgamiento de la personer\u00eda gremial a la asociaci\u00f3n m\u00e1s representativa. El esp\u00edritu del mencionado criterio es el de fortalecer el reclamo de las asociaciones sindicales porque cuando hay plurisindicalizaci\u00f3n los reclamos se desvanecen\u201d.<\/strong><\/em><\/p>\n\n\n\n<p>Finalmente, el Sindicato de Trabajadores Municipales aclar\u00f3 que<em><strong> \u201cde ninguna manera cercena la libertad sindical sino que el marco normativo vigente y las consideraciones de la OIT establecen que las asociaciones sindicales que obtengan la personer\u00eda gremial ser\u00e1n las m\u00e1s representativas para un mismo ambiente y lugar de trabajo\u201d.<\/strong><\/em><\/p>\n","protected":false},"excerpt":{"rendered":"<p>El sindicato sali\u00f3 a responder la nota emitida por la Asociaci\u00f3n de Profesionales dentro de CICOP. Lamentaron \u201cel mal asesoramiento\u201d<\/p>\n","protected":false},"author":2,"featured_media":109176,"comment_status":"closed","ping_status":"closed","sticky":false,"template":"","format":"standard","meta":{"_jetpack_memberships_contains_paid_content":false,"footnotes":""},"categories":[5,1],"tags":[],"class_list":["post-110120","post","type-post","status-publish","format-standard","has-post-thumbnail","hentry","category-informacion-general","category-portada"],"jetpack_featured_media_url":"https:\/\/i0.wp.com\/cdnoticias.com\/wp-content\/uploads\/2024\/02\/kicillof-reclamo-municipales-08.jpg?fit=800%2C445&ssl=1","jetpack_sharing_enabled":true,"_links":{"self":[{"href":"https:\/\/cdnoticias.com\/index.php\/wp-json\/wp\/v2\/posts\/110120","targetHints":{"allow":["GET"]}}],"collection":[{"href":"https:\/\/cdnoticias.com\/index.php\/wp-json\/wp\/v2\/posts"}],"about":[{"href":"https:\/\/cdnoticias.com\/index.php\/wp-json\/wp\/v2\/types\/post"}],"author":[{"embeddable":true,"href":"https:\/\/cdnoticias.com\/index.php\/wp-json\/wp\/v2\/users\/2"}],"replies":[{"embeddable":true,"href":"https:\/\/cdnoticias.com\/index.php\/wp-json\/wp\/v2\/comments?post=110120"}],"version-history":[{"count":0,"href":"https:\/\/cdnoticias.com\/index.php\/wp-json\/wp\/v2\/posts\/110120\/revisions"}],"wp:featuredmedia":[{"embeddable":true,"href":"https:\/\/cdnoticias.com\/index.php\/wp-json\/wp\/v2\/media\/109176"}],"wp:attachment":[{"href":"https:\/\/cdnoticias.com\/index.php\/wp-json\/wp\/v2\/media?parent=110120"}],"wp:term":[{"taxonomy":"category","embeddable":true,"href":"https:\/\/cdnoticias.com\/index.php\/wp-json\/wp\/v2\/categories?post=110120"},{"taxonomy":"post_tag","embeddable":true,"href":"https:\/\/cdnoticias.com\/index.php\/wp-json\/wp\/v2\/tags?post=110120"}],"curies":[{"name":"wp","href":"https:\/\/api.w.org\/{rel}","templated":true}]}}