{"id":110084,"date":"2024-03-01T12:40:17","date_gmt":"2024-03-01T15:40:17","guid":{"rendered":"https:\/\/cdnoticias.com\/?p=110084"},"modified":"2024-03-01T14:10:27","modified_gmt":"2024-03-01T17:10:27","slug":"azul-quedo-internado-en-terapia-intensiva-tras-la-explosion-de-una-garrafa","status":"publish","type":"post","link":"https:\/\/cdnoticias.com\/index.php\/2024\/03\/01\/azul-quedo-internado-en-terapia-intensiva-tras-la-explosion-de-una-garrafa\/","title":{"rendered":"Azul: qued\u00f3 internado en terapia intensiva tras la explosi\u00f3n de una garrafa"},"content":{"rendered":"<p>Fue este viernes en la ma\u00f1ana en una vivienda. Un hombre y su hijo adolescente fueron afectados por el humo. P\u00e9rdidas totales por el incendio.<\/p>\n<p><!--more--><\/p>\n<hr \/>\n<p>Un <strong>grave siniestro<\/strong> se dio en la ma\u00f1ana de este viernes <strong>en la ciudad de Azul<\/strong> donde<strong> un hombre termin\u00f3 internado tras la explosi\u00f3n de una garrafa<\/strong> en su casa que provoc\u00f3 un incendio.<\/p>\n<p>El caso se registr\u00f3 alrededor de las 8:30 cuando <strong>una garrafa explot\u00f3 y desencaden\u00f3 las llamas<\/strong> en una casa situada en calle 4 y 1\u00ba de mayo, donde reside la <strong>familia Rigoli.<\/strong><\/p>\n<p><img data-recalc-dims=\"1\" loading=\"lazy\" decoding=\"async\" class=\"size-large wp-image-110085 aligncenter\" src=\"https:\/\/i0.wp.com\/cdnoticias.com\/wp-content\/uploads\/2024\/03\/noticias-de-azul-explosion-de-garrafa-2.jpg?resize=800%2C600&#038;ssl=1\" alt=\"\" width=\"800\" height=\"600\" srcset=\"https:\/\/i0.wp.com\/cdnoticias.com\/wp-content\/uploads\/2024\/03\/noticias-de-azul-explosion-de-garrafa-2.jpg?resize=1024%2C768&amp;ssl=1 1024w, https:\/\/i0.wp.com\/cdnoticias.com\/wp-content\/uploads\/2024\/03\/noticias-de-azul-explosion-de-garrafa-2.jpg?resize=300%2C225&amp;ssl=1 300w, https:\/\/i0.wp.com\/cdnoticias.com\/wp-content\/uploads\/2024\/03\/noticias-de-azul-explosion-de-garrafa-2.jpg?resize=768%2C576&amp;ssl=1 768w, https:\/\/i0.wp.com\/cdnoticias.com\/wp-content\/uploads\/2024\/03\/noticias-de-azul-explosion-de-garrafa-2.jpg?w=1080&amp;ssl=1 1080w\" sizes=\"auto, (max-width: 800px) 100vw, 800px\" \/><\/p>\n<p>Para extinguir el fuego, intervino una dotaci\u00f3n del cuartel de <strong>bomberos de Azul<\/strong> y efectivos policiales del<strong> Comando de Patrullas<\/strong>.<\/p>\n<blockquote><p>Seg\u00fan informaci\u00f3n oficial, Mat\u00edas Rigoli, junto a su hijo de 16 a\u00f1os, resultaron afectados por el humo y fueron trasladados al hospital municipal \u201cDr. \u00c1ngel Pintos\u201d.\u00a0Mat\u00edas Rigoli, qued\u00f3 internado en la unidad de terapia intensiva.<\/p><\/blockquote>\n<p>Desafortunadamente,<strong> los da\u00f1os materiales fueron totales.<\/strong><\/p>\n<p>Fuente y fotos: <em>Noticias de Azul<\/em><\/p>\n","protected":false},"excerpt":{"rendered":"<p>Fue este viernes en la ma\u00f1ana en una vivienda. Un hombre y su hijo adolescente fueron afectados por el humo.<\/p>\n","protected":false},"author":4,"featured_media":110086,"comment_status":"closed","ping_status":"closed","sticky":false,"template":"","format":"standard","meta":{"_jetpack_memberships_contains_paid_content":false,"footnotes":""},"categories":[6,1],"tags":[],"class_list":["post-110084","post","type-post","status-publish","format-standard","has-post-thumbnail","hentry","category-nacionales","category-portada"],"jetpack_featured_media_url":"https:\/\/i0.wp.com\/cdnoticias.com\/wp-content\/uploads\/2024\/03\/noticias-de-azul-explosion-de-garrafa-1.jpg?fit=1080%2C608&ssl=1","jetpack_sharing_enabled":true,"_links":{"self":[{"href":"https:\/\/cdnoticias.com\/index.php\/wp-json\/wp\/v2\/posts\/110084","targetHints":{"allow":["GET"]}}],"collection":[{"href":"https:\/\/cdnoticias.com\/index.php\/wp-json\/wp\/v2\/posts"}],"about":[{"href":"https:\/\/cdnoticias.com\/index.php\/wp-json\/wp\/v2\/types\/post"}],"author":[{"embeddable":true,"href":"https:\/\/cdnoticias.com\/index.php\/wp-json\/wp\/v2\/users\/4"}],"replies":[{"embeddable":true,"href":"https:\/\/cdnoticias.com\/index.php\/wp-json\/wp\/v2\/comments?post=110084"}],"version-history":[{"count":0,"href":"https:\/\/cdnoticias.com\/index.php\/wp-json\/wp\/v2\/posts\/110084\/revisions"}],"wp:featuredmedia":[{"embeddable":true,"href":"https:\/\/cdnoticias.com\/index.php\/wp-json\/wp\/v2\/media\/110086"}],"wp:attachment":[{"href":"https:\/\/cdnoticias.com\/index.php\/wp-json\/wp\/v2\/media?parent=110084"}],"wp:term":[{"taxonomy":"category","embeddable":true,"href":"https:\/\/cdnoticias.com\/index.php\/wp-json\/wp\/v2\/categories?post=110084"},{"taxonomy":"post_tag","embeddable":true,"href":"https:\/\/cdnoticias.com\/index.php\/wp-json\/wp\/v2\/tags?post=110084"}],"curies":[{"name":"wp","href":"https:\/\/api.w.org\/{rel}","templated":true}]}}