{"id":110075,"date":"2024-03-01T12:06:25","date_gmt":"2024-03-01T15:06:25","guid":{"rendered":"https:\/\/cdnoticias.com\/?p=110075"},"modified":"2024-03-01T13:25:12","modified_gmt":"2024-03-01T16:25:12","slug":"comenzo-el-ciclo-lectivo-2024-el-intendente-wesner-encabezo-el-acto-en-la-escuela-n-49","status":"publish","type":"post","link":"https:\/\/cdnoticias.com\/index.php\/2024\/03\/01\/comenzo-el-ciclo-lectivo-2024-el-intendente-wesner-encabezo-el-acto-en-la-escuela-n-49\/","title":{"rendered":"Comenz\u00f3 el ciclo lectivo 2024: el Intendente Wesner encabez\u00f3 el acto en la Escuela N\u00b0 49"},"content":{"rendered":"<p>Centraliz\u00f3 su mensaje en \u201cgarantizar la educaci\u00f3n p\u00fablica\u201d, mientras la directora Mar\u00eda Angelina Ojeda destac\u00f3 los \u201c140 a\u00f1os de la sanci\u00f3n de la Ley de Educaci\u00f3n 1420\u201d.<\/p>\n<p><!--more--><\/p>\n<hr \/>\n<p>Este viernes 1\u00b0 de marzo, <strong>el Intendente Maximiliano Wesner encabez\u00f3 el acto de Inicio de ciclo lectivo 2024<\/strong>, que se llev\u00f3 a cabo en esta oportunidad en la <strong>Escuela Primaria N\u00b0 49 \u201cBartolom\u00e9 Mitre\u00bb<\/strong> (Av. Urquiza 2350).<\/p>\n<p>El acto protocolar de apertura del ciclo lectivo cont\u00f3 tambi\u00e9n con la presencia de autoridades educativas: <strong>la Jefa Regional de Educaci\u00f3n Marta Casanella, la asesora de la Direcci\u00f3n de Psicolog\u00eda Comunitaria y Pedagog\u00eda Social, Claudia Lajud, el Inspector Jefe Distrital Julio Ben\u00edtez, el Presidente del Consejo Escolar Ariel Rodr\u00edguez, la Directora de la Escuela N\u00b0 49 Mar\u00eda Angelina Ojeda<\/strong>; dem\u00e1s autoridades municipales y educativas, docentes y estudiantes acompa\u00f1ados de familiares y amigos.<\/p>\n<p>El acto comenz\u00f3 con el izamiento de la bandera argentina y la insignia bonaerense a cargo de estudiantes acompa\u00f1ados por el Intendente Wesner. Luego ingresaron las banderas de ceremonia y entonaron las estrofas del Himno Nacional Argentino.<\/p>\n<p><img data-recalc-dims=\"1\" loading=\"lazy\" decoding=\"async\" class=\"size-full wp-image-110079 aligncenter\" src=\"https:\/\/i0.wp.com\/cdnoticias.com\/wp-content\/uploads\/2024\/03\/wesner-inicio-ciclo-lectivo-escuela-49-a.jpg?resize=800%2C445&#038;ssl=1\" alt=\"\" width=\"800\" height=\"445\" srcset=\"https:\/\/i0.wp.com\/cdnoticias.com\/wp-content\/uploads\/2024\/03\/wesner-inicio-ciclo-lectivo-escuela-49-a.jpg?w=1000&amp;ssl=1 1000w, https:\/\/i0.wp.com\/cdnoticias.com\/wp-content\/uploads\/2024\/03\/wesner-inicio-ciclo-lectivo-escuela-49-a.jpg?resize=300%2C167&amp;ssl=1 300w, https:\/\/i0.wp.com\/cdnoticias.com\/wp-content\/uploads\/2024\/03\/wesner-inicio-ciclo-lectivo-escuela-49-a.jpg?resize=768%2C427&amp;ssl=1 768w, https:\/\/i0.wp.com\/cdnoticias.com\/wp-content\/uploads\/2024\/03\/wesner-inicio-ciclo-lectivo-escuela-49-a.jpg?resize=800%2C445&amp;ssl=1 800w\" sizes=\"auto, (max-width: 800px) 100vw, 800px\" \/><\/p>\n<p>La<strong> directora del establecimiento Mar\u00eda Angelina Ojeda<\/strong>, la <strong>asesora Claudia Lajud<\/strong> y el <strong>mandatario comunal<\/strong> dieron las palabras de bienvenida.<\/p>\n<p>\u201cHoy volvemos a abrir las puertas de esta casa para que vuelva a inquietarse, porque<strong> la escuela no se queda quieta<\/strong>. La escuela y los que la habitamos sabemos que entrar en ella implica una aventura en compa\u00f1\u00eda\u201d dijo Ojeda.<\/p>\n<blockquote><p>\u201cComo madres y padres tambi\u00e9n nos inquieta un nuevo a\u00f1o escolar, especialmente en estas circunstancias sociales, econ\u00f3micas, pol\u00edticas delicadas. A 140 a\u00f1os de la sanci\u00f3n de la Ley de Educaci\u00f3n 1420, la escuela todav\u00eda inquieta, nos da la posibilidad de pensarnos como sociedad en cada acto escolar. Nos invita a volver a sentirla como ese lugar que nos alberga, nos ampara y nos protege. Porque es la escuela p\u00fablica que siempre, a trav\u00e9s del tiempo y la historia, ha estado ah\u00ed para hacerle frente a cualquier crisis. Nos inquieta a construir, a sorprendernos, a pensar, a armar tramas, a transmitir experiencias, nos ense\u00f1a a ser ciudadanos. Que este a\u00f1o sea el mejor que hayamos vivido, que logremos todo y m\u00e1s que lo propuesto\u201d, concluy\u00f3 la Directora.<\/p><\/blockquote>\n<p><img data-recalc-dims=\"1\" loading=\"lazy\" decoding=\"async\" class=\"size-full wp-image-110081 aligncenter\" src=\"https:\/\/i0.wp.com\/cdnoticias.com\/wp-content\/uploads\/2024\/03\/wesner-inicio-ciclo-lectivo-escuela-49-c.jpg?resize=800%2C445&#038;ssl=1\" alt=\"\" width=\"800\" height=\"445\" srcset=\"https:\/\/i0.wp.com\/cdnoticias.com\/wp-content\/uploads\/2024\/03\/wesner-inicio-ciclo-lectivo-escuela-49-c.jpg?w=1000&amp;ssl=1 1000w, https:\/\/i0.wp.com\/cdnoticias.com\/wp-content\/uploads\/2024\/03\/wesner-inicio-ciclo-lectivo-escuela-49-c.jpg?resize=300%2C167&amp;ssl=1 300w, https:\/\/i0.wp.com\/cdnoticias.com\/wp-content\/uploads\/2024\/03\/wesner-inicio-ciclo-lectivo-escuela-49-c.jpg?resize=768%2C427&amp;ssl=1 768w, https:\/\/i0.wp.com\/cdnoticias.com\/wp-content\/uploads\/2024\/03\/wesner-inicio-ciclo-lectivo-escuela-49-c.jpg?resize=800%2C445&amp;ssl=1 800w\" sizes=\"auto, (max-width: 800px) 100vw, 800px\" \/><\/p>\n<p>Claudia Lajud destac\u00f3: \u201cGracias por recibirnos hoy en la Escuela N\u00b0 49, <strong>una escuela emblem\u00e1tica en la ciudad de Olavarr\u00eda<\/strong>, con una historia y una trayectoria muy importante en la formaci\u00f3n de estudiantes de nuestra comunidad. Tambi\u00e9n le agradezco profundamente a todo el equipo docente que hoy est\u00e1 aqu\u00ed renovando las ganas de ense\u00f1ar, renovando el compromiso de ense\u00f1ar y tambi\u00e9n a las ni\u00f1as, a los ni\u00f1os, estudiantes que vienen, desde el primer d\u00eda, con las mochilas cargadas, y a las familias, con el esfuerzo que hacen todos los d\u00edas para que sus hijos y sus hijas lleguen a la escuela a aprender\u201d.<\/p>\n<p><strong>\u201cLa educaci\u00f3n no es posible sin ninguno de estos actores<\/strong> que yo acabo de nombrar y tampoco es posible sin un Estado presente\u201d resalt\u00f3.<\/p>\n<blockquote><p>Maximiliano Wesner brind\u00f3 la bienvenida a los presentes y expres\u00f3 su agradecimiento \u201ca la comunidad educativa en general\u201d para manifestar que \u201ces un honor poder habitar y participar en este establecimiento con todos ustedes. Veo amigos, veo vecinos, veo compa\u00f1eros y compa\u00f1eras de trabajo, con quienes apostamos todos los d\u00edas a garantizar la educaci\u00f3n p\u00fablica, con quienes trabajamos todos los d\u00edas, no solamente para garantizar el inicio de clases, sino tambi\u00e9n sostenerlo durante todo el a\u00f1o\u201d.<\/p><\/blockquote>\n<p><img data-recalc-dims=\"1\" loading=\"lazy\" decoding=\"async\" class=\"size-full wp-image-110077 aligncenter\" src=\"https:\/\/i0.wp.com\/cdnoticias.com\/wp-content\/uploads\/2024\/03\/wesner-inicio-ciclo-lectivo-escuela-49-d.jpg?resize=800%2C445&#038;ssl=1\" alt=\"\" width=\"800\" height=\"445\" srcset=\"https:\/\/i0.wp.com\/cdnoticias.com\/wp-content\/uploads\/2024\/03\/wesner-inicio-ciclo-lectivo-escuela-49-d.jpg?w=1000&amp;ssl=1 1000w, https:\/\/i0.wp.com\/cdnoticias.com\/wp-content\/uploads\/2024\/03\/wesner-inicio-ciclo-lectivo-escuela-49-d.jpg?resize=300%2C167&amp;ssl=1 300w, https:\/\/i0.wp.com\/cdnoticias.com\/wp-content\/uploads\/2024\/03\/wesner-inicio-ciclo-lectivo-escuela-49-d.jpg?resize=768%2C427&amp;ssl=1 768w, https:\/\/i0.wp.com\/cdnoticias.com\/wp-content\/uploads\/2024\/03\/wesner-inicio-ciclo-lectivo-escuela-49-d.jpg?resize=800%2C445&amp;ssl=1 800w\" sizes=\"auto, (max-width: 800px) 100vw, 800px\" \/><\/p>\n<p>En su mensaje a los estudiantes, el jefe comunal destac\u00f3 que<em> \u201ccon el transcurrir de las semanas se van a ir nutriendo de conocimientos para poder construir el futuro que necesitamos\u201d.<\/em><\/p>\n<p>\u201cVer izar la bandera argentina, ver izar la bandera bonaerense, la verdad que es un orgullo, porque <strong>la Patria est\u00e1 presente, la Patria la construimos entre todos y todas<\/strong>. Tenemos un desaf\u00edo enorme por delante, construyamos el futuro. Muchas gracias y que tengan un excelente ciclo lectivo 2024\u201d concluy\u00f3 el Intendente.<\/p>\n<p><img data-recalc-dims=\"1\" loading=\"lazy\" decoding=\"async\" class=\"size-full wp-image-110078 aligncenter\" src=\"https:\/\/i0.wp.com\/cdnoticias.com\/wp-content\/uploads\/2024\/03\/wesner-inicio-ciclo-lectivo-escuela-49-e.jpg?resize=800%2C445&#038;ssl=1\" alt=\"\" width=\"800\" height=\"445\" srcset=\"https:\/\/i0.wp.com\/cdnoticias.com\/wp-content\/uploads\/2024\/03\/wesner-inicio-ciclo-lectivo-escuela-49-e.jpg?w=1000&amp;ssl=1 1000w, https:\/\/i0.wp.com\/cdnoticias.com\/wp-content\/uploads\/2024\/03\/wesner-inicio-ciclo-lectivo-escuela-49-e.jpg?resize=300%2C167&amp;ssl=1 300w, https:\/\/i0.wp.com\/cdnoticias.com\/wp-content\/uploads\/2024\/03\/wesner-inicio-ciclo-lectivo-escuela-49-e.jpg?resize=768%2C427&amp;ssl=1 768w, https:\/\/i0.wp.com\/cdnoticias.com\/wp-content\/uploads\/2024\/03\/wesner-inicio-ciclo-lectivo-escuela-49-e.jpg?resize=800%2C445&amp;ssl=1 800w\" sizes=\"auto, (max-width: 800px) 100vw, 800px\" \/><\/p>\n","protected":false},"excerpt":{"rendered":"<p>Centraliz\u00f3 su mensaje en \u201cgarantizar la educaci\u00f3n p\u00fablica\u201d, mientras la directora Mar\u00eda Angelina Ojeda destac\u00f3 los \u201c140 a\u00f1os de la<\/p>\n","protected":false},"author":4,"featured_media":110080,"comment_status":"closed","ping_status":"closed","sticky":false,"template":"","format":"standard","meta":{"_jetpack_memberships_contains_paid_content":false,"footnotes":""},"categories":[5,1],"tags":[],"class_list":["post-110075","post","type-post","status-publish","format-standard","has-post-thumbnail","hentry","category-informacion-general","category-portada"],"jetpack_featured_media_url":"https:\/\/i0.wp.com\/cdnoticias.com\/wp-content\/uploads\/2024\/03\/wesner-inicio-ciclo-lectivo-escuela-49-b.jpg?fit=1000%2C556&ssl=1","jetpack_sharing_enabled":true,"_links":{"self":[{"href":"https:\/\/cdnoticias.com\/index.php\/wp-json\/wp\/v2\/posts\/110075","targetHints":{"allow":["GET"]}}],"collection":[{"href":"https:\/\/cdnoticias.com\/index.php\/wp-json\/wp\/v2\/posts"}],"about":[{"href":"https:\/\/cdnoticias.com\/index.php\/wp-json\/wp\/v2\/types\/post"}],"author":[{"embeddable":true,"href":"https:\/\/cdnoticias.com\/index.php\/wp-json\/wp\/v2\/users\/4"}],"replies":[{"embeddable":true,"href":"https:\/\/cdnoticias.com\/index.php\/wp-json\/wp\/v2\/comments?post=110075"}],"version-history":[{"count":0,"href":"https:\/\/cdnoticias.com\/index.php\/wp-json\/wp\/v2\/posts\/110075\/revisions"}],"wp:featuredmedia":[{"embeddable":true,"href":"https:\/\/cdnoticias.com\/index.php\/wp-json\/wp\/v2\/media\/110080"}],"wp:attachment":[{"href":"https:\/\/cdnoticias.com\/index.php\/wp-json\/wp\/v2\/media?parent=110075"}],"wp:term":[{"taxonomy":"category","embeddable":true,"href":"https:\/\/cdnoticias.com\/index.php\/wp-json\/wp\/v2\/categories?post=110075"},{"taxonomy":"post_tag","embeddable":true,"href":"https:\/\/cdnoticias.com\/index.php\/wp-json\/wp\/v2\/tags?post=110075"}],"curies":[{"name":"wp","href":"https:\/\/api.w.org\/{rel}","templated":true}]}}