{"id":110069,"date":"2024-03-01T11:44:45","date_gmt":"2024-03-01T14:44:45","guid":{"rendered":"https:\/\/cdnoticias.com\/?p=110069"},"modified":"2024-03-01T16:51:57","modified_gmt":"2024-03-01T19:51:57","slug":"despidos-en-andis-para-justificar-el-vaciamiento-del-estado-el-gobierno-necesita-crear-un-enemigo","status":"publish","type":"post","link":"https:\/\/cdnoticias.com\/index.php\/2024\/03\/01\/despidos-en-andis-para-justificar-el-vaciamiento-del-estado-el-gobierno-necesita-crear-un-enemigo\/","title":{"rendered":"Despidos en Andis: \u201cPara justificar el vaciamiento del Estado el gobierno necesita crear un enemigo\u201d"},"content":{"rendered":"<p>Natalia Mengochea, empleada de la Agencia Nacional de Discapacidad, se refiri\u00f3 a los despidos concretados por el gobierno de Milei. La medida tuvo su repercusi\u00f3n en Olavarr\u00eda con el despido de uno de los dos trabajadores.<!--more--><\/p>\n<hr \/>\n<p>El Gobierno Nacional de Javier Milei, despidi\u00f3 a 165 trabajadores y trabajadoras de la Agencia Nacional de Discapacidad (Andis).<a href=\"https:\/\/cdnoticias.com\/index.php\/2024\/02\/29\/despidieron-a-un-olavarriense-de-la-agencia-nacional-de-discapacidad\/\" target=\"_blank\" rel=\"noopener\"> La medida tuvo su repercusi\u00f3n en Olavarr\u00eda dejando a uno de los dos trabajadores del organismo, sin trabajo.<\/a><\/p>\n<p><strong>\u201cEn Olavarr\u00eda, en la S\u00e9ptima, somos dos personas que trabajamos en la Agencia Nacional de Discapacidad. Sergio Villalba es el compa\u00f1ero al que le lleg\u00f3 el despido\u201d<\/strong>, cont\u00f3 la otra trabajadora de la Agencia, <strong>Natalia Mengochea.<\/strong><\/p>\n<p>En di\u00e1logo con <em>Central de Noticias<\/em> explic\u00f3 que \u201cnosotros form\u00e1bamos parte de un programa dentro del Ministerio de Desarrollo Social de la Naci\u00f3n y despu\u00e9s se crea esta Agencia que viene a aglutinar todas las pol\u00edticas a nivel nacional que hab\u00eda respecto a la discapacidad\u201d.<\/p>\n<figure id=\"attachment_110070\" aria-describedby=\"caption-attachment-110070\" style=\"width: 800px\" class=\"wp-caption alignnone\"><img data-recalc-dims=\"1\" loading=\"lazy\" decoding=\"async\" class=\"size-full wp-image-110070\" src=\"https:\/\/i0.wp.com\/cdnoticias.com\/wp-content\/uploads\/2024\/03\/mengochea-natalia-andis-01.jpg?resize=800%2C445&#038;ssl=1\" alt=\"\" width=\"800\" height=\"445\" srcset=\"https:\/\/i0.wp.com\/cdnoticias.com\/wp-content\/uploads\/2024\/03\/mengochea-natalia-andis-01.jpg?w=800&amp;ssl=1 800w, https:\/\/i0.wp.com\/cdnoticias.com\/wp-content\/uploads\/2024\/03\/mengochea-natalia-andis-01.jpg?resize=300%2C167&amp;ssl=1 300w, https:\/\/i0.wp.com\/cdnoticias.com\/wp-content\/uploads\/2024\/03\/mengochea-natalia-andis-01.jpg?resize=768%2C427&amp;ssl=1 768w\" sizes=\"auto, (max-width: 800px) 100vw, 800px\" \/><figcaption id=\"caption-attachment-110070\" class=\"wp-caption-text\">Natalia Mengochea, trabajadora de la Agencia Nacional de Discapacidad.<\/figcaption><\/figure>\n<p>\u201cLa verdad que es muy angustiante. <strong>Sergio tiene 15 a\u00f1os de antig\u00fcedad, yo tengo 18 a\u00f1os de antig\u00fcedad. Y as\u00ed sucesivamente en todos los lugares del pa\u00eds donde se encuentra una oficina territorial de la agencia.<\/strong> No ha habido l\u00edmites, han despedido a personas embarazadas, han despedido a 16 personas con Certificado \u00danico de Discapacidad, a delegados gremiales\u201d, resalt\u00f3 Mengochea.<\/p>\n<blockquote><p>En ese sentido, resalt\u00f3 que \u201cmi compa\u00f1ero despedido est\u00e1 adentro atendiendo. Es un compa\u00f1ero que tiene una problem\u00e1tica de salud y toda esta situaci\u00f3n le hace muy mal. Pidi\u00f3 no estar afuera porque est\u00e1 muy sensible y es l\u00f3gico, tiene 52 a\u00f1os y dos hijos. No hay l\u00edmite, nos puede tocar a cualquiera\u201d.<\/p><\/blockquote>\n<p>Adem\u00e1s, Mengochea vaticin\u00f3 que \u201cseguramente m\u00e1s adelante se va a crear alg\u00fan tipo de enemigo p\u00fablico como suele hacer este gobierno. <strong>Para justificar el ajuste y el vaciamiento de las pol\u00edticas p\u00fablicas y del Estado necesita crear un enemigo. Van a decir que \u00e9ramos \u00f1oquis,<\/strong> pero bueno, ac\u00e1 en Olavarr\u00eda nos conocemos todos, la S\u00e9ptima secci\u00f3n electoral puede dar fe de nuestro trabajo\u201d.<\/p>\n<p>Durante la ma\u00f1ana de este viernes, estuvieron realizando acciones de visibilizaci\u00f3n en la <strong>oficina local de Lamadrid 3165<\/strong> con el objetivo de<strong> &#8220;que la gente sepa qu\u00e9 es lo que est\u00e1 pasando a nivel nacional con las pol\u00edticas p\u00fablicas\u201d.<\/strong><\/p>\n<figure id=\"attachment_110072\" aria-describedby=\"caption-attachment-110072\" style=\"width: 800px\" class=\"wp-caption alignnone\"><img data-recalc-dims=\"1\" loading=\"lazy\" decoding=\"async\" class=\"size-full wp-image-110072\" src=\"https:\/\/i0.wp.com\/cdnoticias.com\/wp-content\/uploads\/2024\/03\/mengochea-natalia-andis-03.jpg?resize=800%2C445&#038;ssl=1\" alt=\"\" width=\"800\" height=\"445\" srcset=\"https:\/\/i0.wp.com\/cdnoticias.com\/wp-content\/uploads\/2024\/03\/mengochea-natalia-andis-03.jpg?w=800&amp;ssl=1 800w, https:\/\/i0.wp.com\/cdnoticias.com\/wp-content\/uploads\/2024\/03\/mengochea-natalia-andis-03.jpg?resize=300%2C167&amp;ssl=1 300w, https:\/\/i0.wp.com\/cdnoticias.com\/wp-content\/uploads\/2024\/03\/mengochea-natalia-andis-03.jpg?resize=768%2C427&amp;ssl=1 768w\" sizes=\"auto, (max-width: 800px) 100vw, 800px\" \/><figcaption id=\"caption-attachment-110072\" class=\"wp-caption-text\">Beneficiarios de pensiones se solidarizaron con el reclamo de los trabajadores.<\/figcaption><\/figure>\n<h2>El vaciamiento del Estado<\/h2>\n<p>\u201c<strong>Yo creo que lo que viene es el desmantelamiento.<\/strong> De esas 165 personas que despidieron la mayor parte son del interior del pa\u00eds, son empleados que, as\u00ed como nosotros, llevan adelante el trabajo y las oficinas de toda una provincia\u201d, cont\u00f3 Natalia Mengochea.<\/p>\n<p>Adem\u00e1s, se\u00f1al\u00f3 que<strong> se solidarizan con otros trabajadores con quienes comparten edificio y que pertenecen al ex Ministerio de Desarrollo Social de la Naci\u00f3n, ahora de Capital Humano.<\/strong> \u201cAc\u00e1 lo conocemos mucho como Centro de Referencia, que es como tener un Ministerio chiquito en distintos lugares del pa\u00eds donde podemos ver efectiva todas las pol\u00edticas en el territorio\u201d.<\/p>\n<figure id=\"attachment_110073\" aria-describedby=\"caption-attachment-110073\" style=\"width: 800px\" class=\"wp-caption alignnone\"><img data-recalc-dims=\"1\" loading=\"lazy\" decoding=\"async\" class=\"size-full wp-image-110073\" src=\"https:\/\/i0.wp.com\/cdnoticias.com\/wp-content\/uploads\/2024\/03\/mengochea-natalia-andis-04.jpg?resize=800%2C445&#038;ssl=1\" alt=\"\" width=\"800\" height=\"445\" srcset=\"https:\/\/i0.wp.com\/cdnoticias.com\/wp-content\/uploads\/2024\/03\/mengochea-natalia-andis-04.jpg?w=800&amp;ssl=1 800w, https:\/\/i0.wp.com\/cdnoticias.com\/wp-content\/uploads\/2024\/03\/mengochea-natalia-andis-04.jpg?resize=300%2C167&amp;ssl=1 300w, https:\/\/i0.wp.com\/cdnoticias.com\/wp-content\/uploads\/2024\/03\/mengochea-natalia-andis-04.jpg?resize=768%2C427&amp;ssl=1 768w\" sizes=\"auto, (max-width: 800px) 100vw, 800px\" \/><figcaption id=\"caption-attachment-110073\" class=\"wp-caption-text\">El reclamo local y la declaraci\u00f3n del &#8220;estado de alerta y asamblea permanente&#8221;.<\/figcaption><\/figure>\n<p>Por \u00faltimo, Mengochea advirti\u00f3 que, por un lado, \u201c<strong>las pensiones por discapacidad que fueron aprobadas en diciembre y enero no salieron al cobro.<\/strong> Algunas pensiones que estaban aprobadas volvieron para evaluaci\u00f3n, o sea que es muy factible que este gobierno las vuelva a evaluar seguramente poniendo un halo de duda pero que claramente tiene que ver con un vaciamiento, un ajuste feroz que estamos viviendo y que seguramente va a repercutir en las pensionas como en todas las pol\u00edticas p\u00fablicas\u201d.<\/p>\n<p>Por el otro lado, asegur\u00f3 que \u201c<strong>los chicos del Centro de Referencia desde diciembre no tienen una pol\u00edtica p\u00fablica para ejecutar.<\/strong> Entonces as\u00ed es mucho m\u00e1s f\u00e1cil cerrar el organismo cuando dec\u00eds \u2018bueno, si no trabajan\u2019. <strong>Si no trabajan es porque no hay pol\u00edticas p\u00fablicas<\/strong>\u201d.<\/p>\n","protected":false},"excerpt":{"rendered":"<p>Natalia Mengochea, empleada de la Agencia Nacional de Discapacidad, se refiri\u00f3 a los despidos concretados por el gobierno de Milei.<\/p>\n","protected":false},"author":2,"featured_media":110071,"comment_status":"closed","ping_status":"closed","sticky":false,"template":"","format":"standard","meta":{"_jetpack_memberships_contains_paid_content":false,"footnotes":""},"categories":[5,1],"tags":[],"class_list":["post-110069","post","type-post","status-publish","format-standard","has-post-thumbnail","hentry","category-informacion-general","category-portada"],"jetpack_featured_media_url":"https:\/\/i0.wp.com\/cdnoticias.com\/wp-content\/uploads\/2024\/03\/mengochea-natalia-andis-02.jpg?fit=800%2C445&ssl=1","jetpack_sharing_enabled":true,"_links":{"self":[{"href":"https:\/\/cdnoticias.com\/index.php\/wp-json\/wp\/v2\/posts\/110069","targetHints":{"allow":["GET"]}}],"collection":[{"href":"https:\/\/cdnoticias.com\/index.php\/wp-json\/wp\/v2\/posts"}],"about":[{"href":"https:\/\/cdnoticias.com\/index.php\/wp-json\/wp\/v2\/types\/post"}],"author":[{"embeddable":true,"href":"https:\/\/cdnoticias.com\/index.php\/wp-json\/wp\/v2\/users\/2"}],"replies":[{"embeddable":true,"href":"https:\/\/cdnoticias.com\/index.php\/wp-json\/wp\/v2\/comments?post=110069"}],"version-history":[{"count":0,"href":"https:\/\/cdnoticias.com\/index.php\/wp-json\/wp\/v2\/posts\/110069\/revisions"}],"wp:featuredmedia":[{"embeddable":true,"href":"https:\/\/cdnoticias.com\/index.php\/wp-json\/wp\/v2\/media\/110071"}],"wp:attachment":[{"href":"https:\/\/cdnoticias.com\/index.php\/wp-json\/wp\/v2\/media?parent=110069"}],"wp:term":[{"taxonomy":"category","embeddable":true,"href":"https:\/\/cdnoticias.com\/index.php\/wp-json\/wp\/v2\/categories?post=110069"},{"taxonomy":"post_tag","embeddable":true,"href":"https:\/\/cdnoticias.com\/index.php\/wp-json\/wp\/v2\/tags?post=110069"}],"curies":[{"name":"wp","href":"https:\/\/api.w.org\/{rel}","templated":true}]}}