{"id":110061,"date":"2024-03-01T20:09:02","date_gmt":"2024-03-01T23:09:02","guid":{"rendered":"https:\/\/cdnoticias.com\/?p=110061"},"modified":"2024-03-02T09:29:12","modified_gmt":"2024-03-02T12:29:12","slug":"un-olavarriense-fue-condenado-por-abuso-sexual-seis-anos-de-prision","status":"publish","type":"post","link":"https:\/\/cdnoticias.com\/index.php\/2024\/03\/01\/un-olavarriense-fue-condenado-por-abuso-sexual-seis-anos-de-prision\/","title":{"rendered":"Un olavarriense fue condenado por abuso sexual: seis a\u00f1os de prisi\u00f3n"},"content":{"rendered":"<p>La medida se dict\u00f3 en el Tribunal Oral 2 de Azul tras un juicio abreviado. El acusado, de 43 a\u00f1os, era marido de la v\u00edctima. Los hechos se dieron entre 2016 y 2017 en nuestra ciudad.<\/p>\n<p><!--more--><\/p>\n<hr \/>\n<p>Un<strong> olavarriense<\/strong> fue <strong>condenado a la pena de seis a\u00f1os de prisi\u00f3n<\/strong> por <strong>abuso sexual<\/strong>. La v\u00edctima era la esposa del ahora condenado y los hechos se dieron entre 2016 y 2017 en la vivienda que compart\u00edan en Olavarr\u00eda.<\/p>\n<p>&nbsp;<\/p>\n<p>La sentencia se dict\u00f3 tras un <strong>juicio abreviado<\/strong> tramitado ante el <strong>Tribunal Oral en lo Criminal n\u00famero 2<\/strong> con sede en el Palacio de Justicia de Azul, encabezado por la <strong>jueza Alejandra Raverta<\/strong>.<\/p>\n<p>&nbsp;<\/p>\n<blockquote><p>De esta manera, Jos\u00e9 Oscar Lado, de 43 a\u00f1os, fue condenado por \u201cabuso sexual con acceso carnal reiterado\u201d por los hechos que se comprobaron sucedidos durante el transcurso del a\u00f1o 2016 y el 20 de abril de 2017.<\/p><\/blockquote>\n<p>&nbsp;<\/p>\n<p>La<strong> v\u00edctima<\/strong> y denunciante del caso es <strong>una mujer que para la \u00e9poca referida era la esposa del investigado<\/strong> y conviv\u00eda con \u00e9l en una casa situada en Olavarr\u00eda.<\/p>\n<p>&nbsp;<\/p>\n<p>Los abusos implicaron que el ahora condenado en esta primera instancia sometiera sexualmente a la mujer mediante el uso de la fuerza, logrando de esa manera accederla carnalmente contra su voluntad. <strong>El hombre hab\u00eda sido detenido a\u00f1os atr\u00e1s<\/strong>.<\/p>\n<p>&nbsp;<\/p>\n<blockquote><p>Como agravantes potenciadoras de la pena dictada al olavarriense la magistrada Raverta hizo menci\u00f3n a las siguientes circunstancias: \u201cla vulnerabilidad de la v\u00edctima en raz\u00f3n del g\u00e9nero y el aprovechamiento del lazo de confianza que los un\u00eda\u201d, teniendo en cuenta que Lado y esa mujer a la que viol\u00f3 en reiteradas ocasiones estaban casados. Y como una atenuante para el encausado se tuvo en cuenta \u201cla sujeci\u00f3n al procedimiento abreviado\u201d, seg\u00fan se refiere textualmente en el fallo.<\/p><\/blockquote>\n<p>&nbsp;<\/p>\n<p><strong>\u201cEl claro y contundente relato de los hechos prestado por la v\u00edctima<\/strong>, tanto en la denuncia como en las posteriores declaraciones testimoniales, donde efectu\u00f3 la directa sindicaci\u00f3n de autor\u00eda (de Lado), describi\u00f3 el momento cronol\u00f3gico en que sucedieron los hechos y el lugar donde ocurrieron\u201d, fue valorado por la Jueza del TOC 2 como una de las evidencias fundamentales para dar por demostrado lo que pas\u00f3.<\/p>\n<p>&nbsp;<\/p>\n<p>La mujer v\u00edctima hab\u00eda dado cuenta de que <strong>sufr\u00eda \u201cviolencia psicol\u00f3gica\u201d<\/strong> desde siempre por parte de su ex marido y que, a pesar de negarse a mantener relaciones sexuales, el hombre siempre la somet\u00eda por la fuerza.<\/p>\n<p>&nbsp;<\/p>\n<p>El monto de la pena impuesto al encausado fue el mismo que las partes que intervinieron en este proceso acordaron, en la previa a que desde la Acusaci\u00f3n fuera formulado ante el TOC 2 el pedido para la realizaci\u00f3n del juicio abreviado.<\/p>\n<p>&nbsp;<\/p>\n<p>Tal como sucede cuando una persona resulta condenada por este tipo de il\u00edcitos, de quedar firme el fallo se le deber\u00e1n <strong>tomar &#8220;muestras o evidencias biol\u00f3gicas&#8221; a Jos\u00e9 Oscar Lado para que sea inscripto en el Registro Nacional de Datos Gen\u00e9ticos vinculados a los delitos contra la integridad sexual<\/strong>, seg\u00fan lo estipulado a trav\u00e9s de la Ley 26.879.<\/p>\n<p>&nbsp;<\/p>\n<p>Fuente: <em>Diario El Tiempo<\/em><\/p>\n<p>&nbsp;<\/p>\n","protected":false},"excerpt":{"rendered":"<p>La medida se dict\u00f3 en el Tribunal Oral 2 de Azul tras un juicio abreviado. El acusado, de 43 a\u00f1os,<\/p>\n","protected":false},"author":4,"featured_media":110062,"comment_status":"closed","ping_status":"closed","sticky":false,"template":"","format":"standard","meta":{"_jetpack_memberships_contains_paid_content":false,"footnotes":""},"categories":[14,1],"tags":[],"class_list":["post-110061","post","type-post","status-publish","format-standard","has-post-thumbnail","hentry","category-policiales","category-portada"],"jetpack_featured_media_url":"https:\/\/i0.wp.com\/cdnoticias.com\/wp-content\/uploads\/2024\/03\/diario-el-tiempo-tribunal-oral-A.jpeg?fit=948%2C533&ssl=1","jetpack_sharing_enabled":true,"_links":{"self":[{"href":"https:\/\/cdnoticias.com\/index.php\/wp-json\/wp\/v2\/posts\/110061","targetHints":{"allow":["GET"]}}],"collection":[{"href":"https:\/\/cdnoticias.com\/index.php\/wp-json\/wp\/v2\/posts"}],"about":[{"href":"https:\/\/cdnoticias.com\/index.php\/wp-json\/wp\/v2\/types\/post"}],"author":[{"embeddable":true,"href":"https:\/\/cdnoticias.com\/index.php\/wp-json\/wp\/v2\/users\/4"}],"replies":[{"embeddable":true,"href":"https:\/\/cdnoticias.com\/index.php\/wp-json\/wp\/v2\/comments?post=110061"}],"version-history":[{"count":0,"href":"https:\/\/cdnoticias.com\/index.php\/wp-json\/wp\/v2\/posts\/110061\/revisions"}],"wp:featuredmedia":[{"embeddable":true,"href":"https:\/\/cdnoticias.com\/index.php\/wp-json\/wp\/v2\/media\/110062"}],"wp:attachment":[{"href":"https:\/\/cdnoticias.com\/index.php\/wp-json\/wp\/v2\/media?parent=110061"}],"wp:term":[{"taxonomy":"category","embeddable":true,"href":"https:\/\/cdnoticias.com\/index.php\/wp-json\/wp\/v2\/categories?post=110061"},{"taxonomy":"post_tag","embeddable":true,"href":"https:\/\/cdnoticias.com\/index.php\/wp-json\/wp\/v2\/tags?post=110061"}],"curies":[{"name":"wp","href":"https:\/\/api.w.org\/{rel}","templated":true}]}}