{"id":110057,"date":"2024-03-01T10:18:47","date_gmt":"2024-03-01T13:18:47","guid":{"rendered":"https:\/\/cdnoticias.com\/?p=110057"},"modified":"2024-03-01T11:45:03","modified_gmt":"2024-03-01T14:45:03","slug":"el-fiscal-de-delitos-rurales-se-reunio-en-olavarria-con-el-comando-de-prevencion-rural","status":"publish","type":"post","link":"https:\/\/cdnoticias.com\/index.php\/2024\/03\/01\/el-fiscal-de-delitos-rurales-se-reunio-en-olavarria-con-el-comando-de-prevencion-rural\/","title":{"rendered":"El fiscal de delitos rurales se reuni\u00f3 en Olavarr\u00eda con el Comando de Prevenci\u00f3n Rural"},"content":{"rendered":"<p>El doctor Adri\u00e1n Peiretti, y el ayudante fiscal de Olavarr\u00eda, Juan Ma\u00f1ero, estuvieron en la Sociedad Rural local. Dialogaron con el coordinador general zonal del CPR, comisario Mario Andr\u00e9s Dore.<\/p>\n<p><!--more--><\/p>\n<hr \/>\n<p><strong>Autoridades del Ministerio P\u00fablico Fiscal<\/strong> que trabajan sobre la <strong>tem\u00e1tica de delitos rurales<\/strong> estuvieron<strong> en Olavarr\u00eda<\/strong> para mantener un encuentro con integrantes de las <strong>fuerzas policiales del Comando de Prevenci\u00f3n Rural (CPR) zonal<\/strong>.<\/p>\n<p>&nbsp;<\/p>\n<p>Desde la Fiscal\u00eda General de Azul se inform\u00f3 que la reuni\u00f3n tuvo lugar este jueves por la ma\u00f1ana <strong>en la sede de la Sociedad Rural de Olavarr\u00eda<\/strong>, donde funciona el CPR local.<\/p>\n<p>&nbsp;<\/p>\n<blockquote><p>Signific\u00f3 el \u201cinicio del a\u00f1o de trabajo entre el Ministerio P\u00fablico Fiscal, con los actores que est\u00e1n involucrados en materia de delitos rurales\u201d. En ese marco tambi\u00e9n estuvieron los representantes de la Sociedad Rural de Olavarr\u00eda.<\/p><\/blockquote>\n<p>&nbsp;<\/p>\n<p>Seg\u00fan se detall\u00f3, asistieron el<strong> fiscal titular en Abigeato y Delitos Rurales del departamento judicial de Azul, Dr. Adri\u00e1n Peiretti<\/strong> acompa\u00f1ado por el <strong>Ayudante Fiscal Juan Ma\u00f1ero de nuestra ciudad<\/strong>, y el <strong>Auxiliar letrado de la Fiscal\u00eda General, Dr. Martin Dupuy<\/strong>.<\/p>\n<p>&nbsp;<\/p>\n<p>Participaron el <strong>coordinador general zonal del CPR, comisario Mario Andr\u00e9s Dore<\/strong>, m\u00e1s todos los <strong>comisarios de los distritos que abarca el Departamento Judicial de Azul y subcomisarios de las 11 ciudades que lo componen<\/strong>.<\/p>\n<p>&nbsp;<\/p>\n<p><img data-recalc-dims=\"1\" loading=\"lazy\" decoding=\"async\" class=\"size-full wp-image-110059 aligncenter\" src=\"https:\/\/i0.wp.com\/cdnoticias.com\/wp-content\/uploads\/2024\/03\/delitos-rurales-fiscalia-policia-01.jpg?resize=600%2C333&#038;ssl=1\" alt=\"\" width=\"600\" height=\"333\" srcset=\"https:\/\/i0.wp.com\/cdnoticias.com\/wp-content\/uploads\/2024\/03\/delitos-rurales-fiscalia-policia-01.jpg?w=600&amp;ssl=1 600w, https:\/\/i0.wp.com\/cdnoticias.com\/wp-content\/uploads\/2024\/03\/delitos-rurales-fiscalia-policia-01.jpg?resize=300%2C167&amp;ssl=1 300w\" sizes=\"auto, (max-width: 600px) 100vw, 600px\" \/><\/p>\n<p>&nbsp;<\/p>\n<blockquote><p>Se abordaron cuestiones atinentes a la organizaci\u00f3n y modalidad de trabajo de la Fiscal\u00eda, de c\u00f3mo intervenir y con qui\u00e9n interactuar en cada una de las jurisdicciones.\u00a0Se inform\u00f3 que \u201cse habl\u00f3 de cuestiones t\u00e9cnicas jur\u00eddicas, de confecci\u00f3n de sumarios, del intercambio permanente de informaci\u00f3n de la necesidad de que pongan a la Fiscal\u00eda en comunicaci\u00f3n de los sucesos\u201d.<\/p><\/blockquote>\n<p>&nbsp;<\/p>\n<p>Por su lado,<strong> la Sociedad Rural de Olavarr\u00eda indic\u00f3 que las autoridades judiciales \u201cse hicieron eco de los reiterados pedidos por parte de la Comisi\u00f3n de Seguridad de la SRO<\/strong> en trabajar con celeridad para llegar a brindar mejoras en las situaciones m\u00e1s complicadas\u201d, en lo que respecta a lo t\u00e9cnico en cuestiones de formaci\u00f3n de expedientes y primeros actos de investigaci\u00f3n.<\/p>\n<p>&nbsp;<\/p>\n<p>Por \u00faltimo, se destac\u00f3 que <strong>el doctor Peiretti dej\u00f3 en claro que la Fiscal\u00eda a su cargo \u201cest\u00e1 abierta para recibir todas las denuncias de este tipo de hechos\u201d<\/strong>.<\/p>\n<p>&nbsp;<\/p>\n","protected":false},"excerpt":{"rendered":"<p>El doctor Adri\u00e1n Peiretti, y el ayudante fiscal de Olavarr\u00eda, Juan Ma\u00f1ero, estuvieron en la Sociedad Rural local. Dialogaron con<\/p>\n","protected":false},"author":4,"featured_media":110058,"comment_status":"closed","ping_status":"closed","sticky":false,"template":"","format":"standard","meta":{"_jetpack_memberships_contains_paid_content":false,"footnotes":""},"categories":[14,1],"tags":[],"class_list":["post-110057","post","type-post","status-publish","format-standard","has-post-thumbnail","hentry","category-policiales","category-portada"],"jetpack_featured_media_url":"https:\/\/i0.wp.com\/cdnoticias.com\/wp-content\/uploads\/2024\/03\/delitos-rurales-fiscalia-policia-00.jpg?fit=1000%2C556&ssl=1","jetpack_sharing_enabled":true,"_links":{"self":[{"href":"https:\/\/cdnoticias.com\/index.php\/wp-json\/wp\/v2\/posts\/110057","targetHints":{"allow":["GET"]}}],"collection":[{"href":"https:\/\/cdnoticias.com\/index.php\/wp-json\/wp\/v2\/posts"}],"about":[{"href":"https:\/\/cdnoticias.com\/index.php\/wp-json\/wp\/v2\/types\/post"}],"author":[{"embeddable":true,"href":"https:\/\/cdnoticias.com\/index.php\/wp-json\/wp\/v2\/users\/4"}],"replies":[{"embeddable":true,"href":"https:\/\/cdnoticias.com\/index.php\/wp-json\/wp\/v2\/comments?post=110057"}],"version-history":[{"count":0,"href":"https:\/\/cdnoticias.com\/index.php\/wp-json\/wp\/v2\/posts\/110057\/revisions"}],"wp:featuredmedia":[{"embeddable":true,"href":"https:\/\/cdnoticias.com\/index.php\/wp-json\/wp\/v2\/media\/110058"}],"wp:attachment":[{"href":"https:\/\/cdnoticias.com\/index.php\/wp-json\/wp\/v2\/media?parent=110057"}],"wp:term":[{"taxonomy":"category","embeddable":true,"href":"https:\/\/cdnoticias.com\/index.php\/wp-json\/wp\/v2\/categories?post=110057"},{"taxonomy":"post_tag","embeddable":true,"href":"https:\/\/cdnoticias.com\/index.php\/wp-json\/wp\/v2\/tags?post=110057"}],"curies":[{"name":"wp","href":"https:\/\/api.w.org\/{rel}","templated":true}]}}