{"id":110055,"date":"2024-03-01T10:57:40","date_gmt":"2024-03-01T13:57:40","guid":{"rendered":"https:\/\/cdnoticias.com\/?p=110055"},"modified":"2024-03-01T12:06:59","modified_gmt":"2024-03-01T15:06:59","slug":"tu-bus-con-esperanzas-renovadas-tras-la-declaracion-de-emergencia","status":"publish","type":"post","link":"https:\/\/cdnoticias.com\/index.php\/2024\/03\/01\/tu-bus-con-esperanzas-renovadas-tras-la-declaracion-de-emergencia\/","title":{"rendered":"Tu Bus, \u201ccon esperanzas renovadas\u201d tras la declaraci\u00f3n de emergencia"},"content":{"rendered":"<p>La empresa emiti\u00f3 un comunicado en el que manifest\u00f3 que este jueves \u201cha sido un d\u00eda hist\u00f3rico para el transporte p\u00fablico de la ciudad\u201d y valor\u00f3 \u201cel consenso alcanzado en beneficio del servicio de transporte\u201d.<\/p>\n<p><!--more--><\/p>\n<hr \/>\n<p>La<strong> empresa encargada del transporte p\u00fablico urbano en Olavarr\u00eda<\/strong> se expres\u00f3 a trav\u00e9s de <strong>un comunicado tras la aprobaci\u00f3n de la <a href=\"https:\/\/cdnoticias.com\/index.php\/2024\/02\/29\/el-hcd-voto-por-unanimidad-la-declaracion-de-emergencia-del-transporte-publico\/\" target=\"_blank\" rel=\"noopener\">declaraci\u00f3n de emergencia<\/a><\/strong><a href=\"_wp_link_placeholder\"> en el Concejo Deliberante.<\/a><\/p>\n<p>&nbsp;<\/p>\n<p><strong>\u201cDesde TUBUS queremos agradecer y felicitar el accionar responsable y respetuoso con el que se dirimi\u00f3 la emergencia en el transporte de la ciudad de Olavarr\u00eda.<\/strong> En esta ocasi\u00f3n, el agradecimiento cabe a todos y cada uno de los espacios pol\u00edticos con representaci\u00f3n en el Consejo Deliberante de nuestra ciudad, medios de comunicaci\u00f3n, como as\u00ed tambi\u00e9n, al Se\u00f1or Intendente que tom\u00f3 esta problem\u00e1tica con la seriedad que se merece\u201d se inform\u00f3.<\/p>\n<p>&nbsp;<\/p>\n<blockquote><p>La empresa destac\u00f3 que el jueves \u201cha sido un d\u00eda hist\u00f3rico para el transporte p\u00fablico de la ciudad\u201d para valorar \u201cel consenso alcanzado en beneficio del servicio de transporte, por encima de cualquier inter\u00e9s pol\u00edtico\u201d.<\/p><\/blockquote>\n<p>&nbsp;<\/p>\n<p><strong>\u201cTrabajaremos en equipo en beneficio de los usuarios, que se merecen el mejor servicio posible.<\/strong> M\u00e1s aun en el actual contexto de dificultades que atravesamos\u201d subray\u00f3 la empresa local.<\/p>\n<p>&nbsp;<\/p>\n","protected":false},"excerpt":{"rendered":"<p>La empresa emiti\u00f3 un comunicado en el que manifest\u00f3 que este jueves \u201cha sido un d\u00eda hist\u00f3rico para el transporte<\/p>\n","protected":false},"author":4,"featured_media":51075,"comment_status":"closed","ping_status":"closed","sticky":false,"template":"","format":"standard","meta":{"_jetpack_memberships_contains_paid_content":false,"footnotes":""},"categories":[5,1],"tags":[],"class_list":["post-110055","post","type-post","status-publish","format-standard","has-post-thumbnail","hentry","category-informacion-general","category-portada"],"jetpack_featured_media_url":"https:\/\/i0.wp.com\/cdnoticias.com\/wp-content\/uploads\/2022\/04\/colectivo-boleto-tu-bus-7.jpg?fit=800%2C445&ssl=1","jetpack_sharing_enabled":true,"_links":{"self":[{"href":"https:\/\/cdnoticias.com\/index.php\/wp-json\/wp\/v2\/posts\/110055","targetHints":{"allow":["GET"]}}],"collection":[{"href":"https:\/\/cdnoticias.com\/index.php\/wp-json\/wp\/v2\/posts"}],"about":[{"href":"https:\/\/cdnoticias.com\/index.php\/wp-json\/wp\/v2\/types\/post"}],"author":[{"embeddable":true,"href":"https:\/\/cdnoticias.com\/index.php\/wp-json\/wp\/v2\/users\/4"}],"replies":[{"embeddable":true,"href":"https:\/\/cdnoticias.com\/index.php\/wp-json\/wp\/v2\/comments?post=110055"}],"version-history":[{"count":0,"href":"https:\/\/cdnoticias.com\/index.php\/wp-json\/wp\/v2\/posts\/110055\/revisions"}],"wp:featuredmedia":[{"embeddable":true,"href":"https:\/\/cdnoticias.com\/index.php\/wp-json\/wp\/v2\/media\/51075"}],"wp:attachment":[{"href":"https:\/\/cdnoticias.com\/index.php\/wp-json\/wp\/v2\/media?parent=110055"}],"wp:term":[{"taxonomy":"category","embeddable":true,"href":"https:\/\/cdnoticias.com\/index.php\/wp-json\/wp\/v2\/categories?post=110055"},{"taxonomy":"post_tag","embeddable":true,"href":"https:\/\/cdnoticias.com\/index.php\/wp-json\/wp\/v2\/tags?post=110055"}],"curies":[{"name":"wp","href":"https:\/\/api.w.org\/{rel}","templated":true}]}}