{"id":110049,"date":"2024-03-01T08:52:16","date_gmt":"2024-03-01T11:52:16","guid":{"rendered":"https:\/\/cdnoticias.com\/?p=110049"},"modified":"2024-03-01T10:20:08","modified_gmt":"2024-03-01T13:20:08","slug":"transporte-publico-los-cortes-en-los-servicios-urbano-e-interurbano","status":"publish","type":"post","link":"https:\/\/cdnoticias.com\/index.php\/2024\/03\/01\/transporte-publico-los-cortes-en-los-servicios-urbano-e-interurbano\/","title":{"rendered":"Transporte p\u00fablico: los cortes en los servicios urbano e interurbano"},"content":{"rendered":"<p>Desde la Municipalidad se difundieron los horarios y frecuencias. \u201cLos servicios urbano e interurbano no contar\u00e1n con refuerzos y la frecuencia continuar\u00e1 siendo menor\u201d se inform\u00f3.<\/p>\n<p><!--more--><\/p>\n<hr \/>\n<p>Tras la <strong>aprobaci\u00f3n de la <a href=\"https:\/\/cdnoticias.com\/index.php\/2024\/02\/29\/transporte-publico-en-que-consiste-la-declaracion-de-emergencia-del-hcd\/\" target=\"_blank\" rel=\"noopener\">declaraci\u00f3n de emergencia en el transporte p\u00fablico<\/a> en el HCD<\/strong>, desde la Municipalidad se informaron <strong>novedades sobre los horarios de los servicios urbano e interurbano<\/strong>.<\/p>\n<blockquote><p>\u201cEl Ejecutivo municipal informa que en las \u00faltimas horas la UTA confirm\u00f3 que los servicios urbano e interurbano no contar\u00e1n con refuerzos y la frecuencia continuar\u00e1 siendo menor\u201d se comunic\u00f3 en la noche del jueves.<\/p><\/blockquote>\n<p>\u201cLa medida se debe a la<strong> crisis que est\u00e1 sufriendo el transporte p\u00fablico en todo el pa\u00eds<\/strong> y en especial en nuestra comunidad, a causa de los aumentos de los \u00faltimos meses en combustible y en insumos, m\u00e1s la quita de subsidios por parte del gobierno nacional\u201d se argument\u00f3.<\/p>\n<p><strong>Los horarios informados son<\/strong>:<\/p>\n<ul>\n<li><strong>Transporte interurbano<\/strong>:<\/li>\n<\/ul>\n<p>Los <strong>horarios que se dejaron de prestar<\/strong> son los siguientes: 7.15 y 8.15 hs. refuerzo de Sierra Chica; y el de las 8.10 hs. del barrio AOMA. De Olavarr\u00eda a Loma Negra el horario de las 22.30 hs y desde la localidad el de las 23.15 hs. A la localidad de Sierras Bayas el horario de las 22.40 hs. y desde la localidad a Olavarr\u00eda el de las 23.30 hs. Y a la localidad de Hinojo el horario de las 22.45 hs. y desde la localidad de Olavarr\u00eda el de las 23.30 hs.<\/p>\n<p>Los<strong> \u00faltimos horarios<\/strong> ser\u00e1n los siguientes: a las 21 hs. para quienes vayan de Olavarr\u00eda a Loma Negra y a las 21.45 de Loma Negra a Olavarr\u00eda. Desde Olavarr\u00eda a la localidad de Sierras Bayas a las 21 hs. A la localidad de Colonia San Miguel 21.50 hs. Por su parte, desde la localidad de Sierras Bayas a las 22,05 hs. A la localidad de Hinojo a las 21 hs. y desde la localidad de Hinojo a Olavarr\u00eda el ultimo horario ser\u00e1 a las 22 hs.<\/p>\n<ul>\n<li><strong>Servicio Urbano<\/strong>:<\/li>\n<\/ul>\n<p>La <strong>frecuencia<\/strong> ser\u00e1 cada media hora durante la ma\u00f1ana y cada una hora durante la tarde.<\/p>\n<blockquote class=\"wp-embedded-content\" data-secret=\"n8YVhm3nGq\"><p><a href=\"https:\/\/cdnoticias.com\/index.php\/2024\/02\/29\/va-a-ser-un-proceso-bastante-largo-el-volver-a-poner-el-servicio-a-su-total-normalidad\/\">\u201cVa a ser un proceso bastante largo el volver a poner el servicio a su total normalidad\u201d<\/a><\/p><\/blockquote>\n<p><iframe loading=\"lazy\" class=\"wp-embedded-content\" sandbox=\"allow-scripts\" security=\"restricted\" style=\"position: absolute; clip: rect(1px, 1px, 1px, 1px);\" title=\"&#8220;\u201cVa a ser un proceso bastante largo el volver a poner el servicio a su total normalidad\u201d&#8221; &#8212; Central de Noticias | Olavarr\u00eda\" src=\"https:\/\/cdnoticias.com\/index.php\/2024\/02\/29\/va-a-ser-un-proceso-bastante-largo-el-volver-a-poner-el-servicio-a-su-total-normalidad\/embed\/#?secret=SOPo3L7jMn#?secret=n8YVhm3nGq\" data-secret=\"n8YVhm3nGq\" width=\"600\" height=\"338\" frameborder=\"0\" marginwidth=\"0\" marginheight=\"0\" scrolling=\"no\"><\/iframe><\/p>\n","protected":false},"excerpt":{"rendered":"<p>Desde la Municipalidad se difundieron los horarios y frecuencias. \u201cLos servicios urbano e interurbano no contar\u00e1n con refuerzos y la<\/p>\n","protected":false},"author":4,"featured_media":57250,"comment_status":"closed","ping_status":"closed","sticky":false,"template":"","format":"standard","meta":{"_jetpack_memberships_contains_paid_content":false,"footnotes":""},"categories":[5,1],"tags":[],"class_list":["post-110049","post","type-post","status-publish","format-standard","has-post-thumbnail","hentry","category-informacion-general","category-portada"],"jetpack_featured_media_url":"https:\/\/i0.wp.com\/cdnoticias.com\/wp-content\/uploads\/2022\/06\/terminal-colectivos-las-sierras-01.jpg?fit=800%2C445&ssl=1","jetpack_sharing_enabled":true,"_links":{"self":[{"href":"https:\/\/cdnoticias.com\/index.php\/wp-json\/wp\/v2\/posts\/110049","targetHints":{"allow":["GET"]}}],"collection":[{"href":"https:\/\/cdnoticias.com\/index.php\/wp-json\/wp\/v2\/posts"}],"about":[{"href":"https:\/\/cdnoticias.com\/index.php\/wp-json\/wp\/v2\/types\/post"}],"author":[{"embeddable":true,"href":"https:\/\/cdnoticias.com\/index.php\/wp-json\/wp\/v2\/users\/4"}],"replies":[{"embeddable":true,"href":"https:\/\/cdnoticias.com\/index.php\/wp-json\/wp\/v2\/comments?post=110049"}],"version-history":[{"count":0,"href":"https:\/\/cdnoticias.com\/index.php\/wp-json\/wp\/v2\/posts\/110049\/revisions"}],"wp:featuredmedia":[{"embeddable":true,"href":"https:\/\/cdnoticias.com\/index.php\/wp-json\/wp\/v2\/media\/57250"}],"wp:attachment":[{"href":"https:\/\/cdnoticias.com\/index.php\/wp-json\/wp\/v2\/media?parent=110049"}],"wp:term":[{"taxonomy":"category","embeddable":true,"href":"https:\/\/cdnoticias.com\/index.php\/wp-json\/wp\/v2\/categories?post=110049"},{"taxonomy":"post_tag","embeddable":true,"href":"https:\/\/cdnoticias.com\/index.php\/wp-json\/wp\/v2\/tags?post=110049"}],"curies":[{"name":"wp","href":"https:\/\/api.w.org\/{rel}","templated":true}]}}