{"id":110047,"date":"2024-03-01T19:13:14","date_gmt":"2024-03-01T22:13:14","guid":{"rendered":"https:\/\/cdnoticias.com\/?p=110047"},"modified":"2024-03-01T19:13:18","modified_gmt":"2024-03-01T22:13:18","slug":"pintaran-estrellas-amarillas-para-recordar-a-dos-olavarrienses-fallecidos-en-ruta-226","status":"publish","type":"post","link":"https:\/\/cdnoticias.com\/index.php\/2024\/03\/01\/pintaran-estrellas-amarillas-para-recordar-a-dos-olavarrienses-fallecidos-en-ruta-226\/","title":{"rendered":"Pintaran Estrellas Amarillas para recordar a dos olavarrienses fallecidos en ruta 226"},"content":{"rendered":"<p>Ser\u00e1 a la altura del kil\u00f3metro 365 donde en diciembre de 2023 se produjo un choque frontal entre un auto y una combi.<!--more--><\/p>\n<hr \/>\n<p>La agrupaci\u00f3n <strong>Estrellas Amarillas<\/strong> realizar\u00e1 una nueva intervenci\u00f3n el pr\u00f3ximo <strong>s\u00e1bado 2 de marzo a las 10:30 en el kil\u00f3metro 365 de la ruta nacional 226.<\/strong><\/p>\n<p>En ese punto,<a href=\"https:\/\/cdnoticias.com\/index.php\/2023\/12\/01\/son-olavarrienses-los-fallecidos-en-un-violento-accidente-en-ruta-226\/\" target=\"_blank\" rel=\"noopener\"> el 1 de diciembre de 2023 fallecieron los olavarrienses<\/a> H\u00e9ctor Rub\u00e9n Buscarini y Maximiliano Petehs Rotela en un choque frontal entre un auto VW Vento y una combi.<\/p>\n<p>Los olavarrienses de 61 y 38 a\u00f1os viajaban en el auto y se trasladaban hacia la provincia de San Juan cuando se produjo siniestro vial.<\/p>\n","protected":false},"excerpt":{"rendered":"<p>Ser\u00e1 a la altura del kil\u00f3metro 365 donde en diciembre de 2023 se produjo un choque frontal entre un auto<\/p>\n","protected":false},"author":2,"featured_media":19791,"comment_status":"closed","ping_status":"closed","sticky":false,"template":"","format":"standard","meta":{"_jetpack_memberships_contains_paid_content":false,"footnotes":""},"categories":[5,1],"tags":[],"class_list":["post-110047","post","type-post","status-publish","format-standard","has-post-thumbnail","hentry","category-informacion-general","category-portada"],"jetpack_featured_media_url":"https:\/\/i0.wp.com\/cdnoticias.com\/wp-content\/uploads\/2021\/04\/estrellaamarilla01.jpg?fit=800%2C444&ssl=1","jetpack_sharing_enabled":true,"_links":{"self":[{"href":"https:\/\/cdnoticias.com\/index.php\/wp-json\/wp\/v2\/posts\/110047","targetHints":{"allow":["GET"]}}],"collection":[{"href":"https:\/\/cdnoticias.com\/index.php\/wp-json\/wp\/v2\/posts"}],"about":[{"href":"https:\/\/cdnoticias.com\/index.php\/wp-json\/wp\/v2\/types\/post"}],"author":[{"embeddable":true,"href":"https:\/\/cdnoticias.com\/index.php\/wp-json\/wp\/v2\/users\/2"}],"replies":[{"embeddable":true,"href":"https:\/\/cdnoticias.com\/index.php\/wp-json\/wp\/v2\/comments?post=110047"}],"version-history":[{"count":0,"href":"https:\/\/cdnoticias.com\/index.php\/wp-json\/wp\/v2\/posts\/110047\/revisions"}],"wp:featuredmedia":[{"embeddable":true,"href":"https:\/\/cdnoticias.com\/index.php\/wp-json\/wp\/v2\/media\/19791"}],"wp:attachment":[{"href":"https:\/\/cdnoticias.com\/index.php\/wp-json\/wp\/v2\/media?parent=110047"}],"wp:term":[{"taxonomy":"category","embeddable":true,"href":"https:\/\/cdnoticias.com\/index.php\/wp-json\/wp\/v2\/categories?post=110047"},{"taxonomy":"post_tag","embeddable":true,"href":"https:\/\/cdnoticias.com\/index.php\/wp-json\/wp\/v2\/tags?post=110047"}],"curies":[{"name":"wp","href":"https:\/\/api.w.org\/{rel}","templated":true}]}}