{"id":11004,"date":"2021-01-09T11:19:58","date_gmt":"2021-01-09T14:19:58","guid":{"rendered":"http:\/\/www.centraldenoticias.com.ar\/?p=11004"},"modified":"2021-01-09T12:06:01","modified_gmt":"2021-01-09T15:06:01","slug":"con-pequenos-avances-continua-el-paro-de-choferes-de-ola-bus","status":"publish","type":"post","link":"https:\/\/cdnoticias.com\/index.php\/2021\/01\/09\/con-pequenos-avances-continua-el-paro-de-choferes-de-ola-bus\/","title":{"rendered":"Con peque\u00f1os avances, contin\u00faa el paro de choferes de Ola Bus"},"content":{"rendered":"<p>Si bien hubo un dep\u00f3sito de los subsidios por parte del Estado nacional, a\u00fan no abonaron lo adeudado a los trabajadores, por lo cual el conflicto contin\u00faa.<!--more--><\/p>\n<hr \/>\n<p>Este <strong>s\u00e1bado se cumple el d\u00eda 18 de conflicto entre los trabajadores de Ola Bus y la empresa por la falta de pago del medio aguinaldo y otras sumas de dinero acordadas por las partes.<\/strong> Si bien hubo algunos avances, a\u00fan no fue depositado el dinero en las cuentas de los trabajadores.<\/p>\n<p>&nbsp;<\/p>\n<p>Se indic\u00f3 a Central de Noticias que <strong>una parte del subsidio adeudado por parte del Estado nacional fue abonado a la empresa, pero eso a\u00fan no se vio reflejado en las cuentas de los trabajadores<\/strong> que no vieron depositada la suma pendiente de pago.<\/p>\n<p>&nbsp;<\/p>\n<blockquote><p>Cabe se\u00f1alar que desde el sindicato, que lleva 18 d\u00edas de reclamo, se aclar\u00f3 que el paro se levantar\u00e1 inmediatamente despu\u00e9s de corroborar que efectivamente se pag\u00f3 la deuda que mantiene la empresa.<\/p><\/blockquote>\n<p>&nbsp;<\/p>\n<p>De esta forma, <strong>las localidades contin\u00faan sin servicio para poder trasladarse a Olavarr\u00eda y las localidades<\/strong>, algo que se reflej\u00f3 en la<a href=\"https:\/\/cdnoticias.com\/index.php\/2021\/01\/09\/vecinos-de-las-localidades-protestaron-por-mejoras-a-la-vera-de-ruta-51\/\" target=\"_blank\" rel=\"noopener\"> manifestaci\u00f3n de vecinos en la jornada del viernes a la vera de la ruta provincial N\u00b0 51.<\/a><\/p>\n","protected":false},"excerpt":{"rendered":"<p>Si bien hubo un dep\u00f3sito de los subsidios por parte del Estado nacional, a\u00fan no abonaron lo adeudado a los<\/p>\n","protected":false},"author":2,"featured_media":1449,"comment_status":"closed","ping_status":"closed","sticky":false,"template":"","format":"standard","meta":{"_jetpack_memberships_contains_paid_content":false,"footnotes":""},"categories":[5,1],"tags":[],"class_list":["post-11004","post","type-post","status-publish","format-standard","has-post-thumbnail","hentry","category-informacion-general","category-portada"],"jetpack_featured_media_url":"https:\/\/i0.wp.com\/cdnoticias.com\/wp-content\/uploads\/2020\/09\/olabus.jpeg?fit=800%2C523&ssl=1","jetpack_sharing_enabled":true,"_links":{"self":[{"href":"https:\/\/cdnoticias.com\/index.php\/wp-json\/wp\/v2\/posts\/11004","targetHints":{"allow":["GET"]}}],"collection":[{"href":"https:\/\/cdnoticias.com\/index.php\/wp-json\/wp\/v2\/posts"}],"about":[{"href":"https:\/\/cdnoticias.com\/index.php\/wp-json\/wp\/v2\/types\/post"}],"author":[{"embeddable":true,"href":"https:\/\/cdnoticias.com\/index.php\/wp-json\/wp\/v2\/users\/2"}],"replies":[{"embeddable":true,"href":"https:\/\/cdnoticias.com\/index.php\/wp-json\/wp\/v2\/comments?post=11004"}],"version-history":[{"count":0,"href":"https:\/\/cdnoticias.com\/index.php\/wp-json\/wp\/v2\/posts\/11004\/revisions"}],"wp:featuredmedia":[{"embeddable":true,"href":"https:\/\/cdnoticias.com\/index.php\/wp-json\/wp\/v2\/media\/1449"}],"wp:attachment":[{"href":"https:\/\/cdnoticias.com\/index.php\/wp-json\/wp\/v2\/media?parent=11004"}],"wp:term":[{"taxonomy":"category","embeddable":true,"href":"https:\/\/cdnoticias.com\/index.php\/wp-json\/wp\/v2\/categories?post=11004"},{"taxonomy":"post_tag","embeddable":true,"href":"https:\/\/cdnoticias.com\/index.php\/wp-json\/wp\/v2\/tags?post=11004"}],"curies":[{"name":"wp","href":"https:\/\/api.w.org\/{rel}","templated":true}]}}