{"id":11001,"date":"2021-01-09T10:19:38","date_gmt":"2021-01-09T13:19:38","guid":{"rendered":"http:\/\/www.centraldenoticias.com.ar\/?p=11001"},"modified":"2021-01-09T11:54:56","modified_gmt":"2021-01-09T14:54:56","slug":"segundo-dia-de-vacunacion-contra-el-covid-al-personal-de-salud","status":"publish","type":"post","link":"https:\/\/cdnoticias.com\/index.php\/2021\/01\/09\/segundo-dia-de-vacunacion-contra-el-covid-al-personal-de-salud\/","title":{"rendered":"Segundo d\u00eda de vacunaci\u00f3n contra el COVID al personal de Salud"},"content":{"rendered":"<p>Se dar\u00e1 no s\u00f3lo con sistema de turnos, sino tambi\u00e9n \u201ca demanda espont\u00e1nea\u201d hasta las 15 horas en el Hospital de Oncolog\u00eda.<!--more--><\/p>\n<hr \/>\n<p>Tras haber <a href=\"https:\/\/cdnoticias.com\/index.php\/2021\/01\/08\/cerca-de-un-centenar-de-profesionales-de-la-salud-ya-fueron-vacunados\/\" target=\"_blank\" rel=\"noopener\">vacunado a un centenar de profesionales de la salud el \u00faltimo viernes<\/a>, <strong>este s\u00e1bado contin\u00faa la aplicaci\u00f3n de dosis contra el COVID-19 en el Hospital de Oncolog\u00eda provincial.<\/strong><\/p>\n<p>&nbsp;<\/p>\n<p>Se indic\u00f3, tras el primer d\u00eda, que<strong> continuar\u00e1n con el doble formato<\/strong>: por un lado, atender\u00e1n a aquel personal de salud que solicit\u00f3 su turno en <a href=\"https:\/\/vacunatepba.gba.gob.ar\/\">https:\/\/vacunatepba.gba.gob.ar\/<\/a> pero, adem\u00e1s, <strong>atender\u00e1n \u201ca demanda espont\u00e1nea\u201d para aquellos que se acerquen al Hospital de Oncolog\u00eda.<\/strong><\/p>\n<p>&nbsp;<\/p>\n<blockquote><p>Cabe aclarar que la condici\u00f3n para vacunarse es ser personal de salud del distrito de Olavarr\u00eda.<\/p><\/blockquote>\n<p>&nbsp;<\/p>\n<p>Tanto s\u00e1bado como domingo <strong>la vacunaci\u00f3n ser\u00e1 de 8 a 15 horas. \u00a0<\/strong><\/p>\n","protected":false},"excerpt":{"rendered":"<p>Se dar\u00e1 no s\u00f3lo con sistema de turnos, sino tambi\u00e9n \u201ca demanda espont\u00e1nea\u201d hasta las 15 horas en el Hospital<\/p>\n","protected":false},"author":2,"featured_media":11002,"comment_status":"closed","ping_status":"closed","sticky":false,"template":"","format":"standard","meta":{"_jetpack_memberships_contains_paid_content":false,"footnotes":""},"categories":[5,1],"tags":[],"class_list":["post-11001","post","type-post","status-publish","format-standard","has-post-thumbnail","hentry","category-informacion-general","category-portada"],"jetpack_featured_media_url":"https:\/\/i0.wp.com\/cdnoticias.com\/wp-content\/uploads\/2021\/01\/WhatsApp-Image-2021-01-08-at-15.11.55-1.jpeg?fit=1232%2C816&ssl=1","jetpack_sharing_enabled":true,"_links":{"self":[{"href":"https:\/\/cdnoticias.com\/index.php\/wp-json\/wp\/v2\/posts\/11001","targetHints":{"allow":["GET"]}}],"collection":[{"href":"https:\/\/cdnoticias.com\/index.php\/wp-json\/wp\/v2\/posts"}],"about":[{"href":"https:\/\/cdnoticias.com\/index.php\/wp-json\/wp\/v2\/types\/post"}],"author":[{"embeddable":true,"href":"https:\/\/cdnoticias.com\/index.php\/wp-json\/wp\/v2\/users\/2"}],"replies":[{"embeddable":true,"href":"https:\/\/cdnoticias.com\/index.php\/wp-json\/wp\/v2\/comments?post=11001"}],"version-history":[{"count":0,"href":"https:\/\/cdnoticias.com\/index.php\/wp-json\/wp\/v2\/posts\/11001\/revisions"}],"wp:featuredmedia":[{"embeddable":true,"href":"https:\/\/cdnoticias.com\/index.php\/wp-json\/wp\/v2\/media\/11002"}],"wp:attachment":[{"href":"https:\/\/cdnoticias.com\/index.php\/wp-json\/wp\/v2\/media?parent=11001"}],"wp:term":[{"taxonomy":"category","embeddable":true,"href":"https:\/\/cdnoticias.com\/index.php\/wp-json\/wp\/v2\/categories?post=11001"},{"taxonomy":"post_tag","embeddable":true,"href":"https:\/\/cdnoticias.com\/index.php\/wp-json\/wp\/v2\/tags?post=11001"}],"curies":[{"name":"wp","href":"https:\/\/api.w.org\/{rel}","templated":true}]}}