{"id":109997,"date":"2024-03-01T17:55:24","date_gmt":"2024-03-01T20:55:24","guid":{"rendered":"https:\/\/cdnoticias.com\/?p=109997"},"modified":"2024-03-01T17:55:27","modified_gmt":"2024-03-01T20:55:27","slug":"el-martes-se-hara-el-acto-de-apertura-de-sesiones-ordinarias-del-hcd","status":"publish","type":"post","link":"https:\/\/cdnoticias.com\/index.php\/2024\/03\/01\/el-martes-se-hara-el-acto-de-apertura-de-sesiones-ordinarias-del-hcd\/","title":{"rendered":"El martes se har\u00e1 el acto de apertura de sesiones ordinarias del HCD"},"content":{"rendered":"<p>Si bien inicialmente se hab\u00eda informado que se har\u00eda este viernes, tras los cambios a nivel provincial el intendente Wesner hablar\u00e1 el martes por la tarde a los concejales.<\/p>\n<p><!--more--><\/p>\n<hr \/>\n<p>El <strong>acto de apertura de sesiones ordinarias del Concejo Deliberante de Olavarr\u00eda<\/strong> se llevar\u00e1 adelante el <strong>martes<\/strong>.<\/p>\n<p>Si bien durante la semana pasada se hab\u00eda informado que iba a concretarse este viernes, ya que <strong>el 1\u00ba de marzo es la fecha formal de comienzo del periodo ordinario<\/strong>, en las \u00faltimas horas se confirm\u00f3 la nueva fecha.<\/p>\n<blockquote><p>El martes a partir de las 19 horas el intendente Maximiliano Wesner brindar\u00e1 su discurso a los concejales. El acto se desarrollar\u00e1 en el<\/p>\n<p>Centro de Convenciones de Olavarr\u00eda (CCO), ubicado en Avenida Eva Per\u00f3n (ex Av. Circunvalaci\u00f3n) N\u00b01545.<\/p><\/blockquote>\n<p>Ser\u00e1 la primera apertura bajo la gesti\u00f3n de Wesner en la intendencia y de Guillermo Santell\u00e1n en la presidencia del HCD, a poco menos de tres meses de haber asumido en los cargos.<\/p>\n<p>Adem\u00e1s, el decreto fij\u00f3 que las Sesiones Ordinarias del Per\u00edodo Deliberativo 2024 se desarrollar\u00e1n los segundos y cuartos jueves de cada mes a las 9 horas. La primera se celebrar\u00e1 el d\u00eda 14 de marzo de 2024.<\/p>\n","protected":false},"excerpt":{"rendered":"<p>Si bien inicialmente se hab\u00eda informado que se har\u00eda este viernes, tras los cambios a nivel provincial el intendente Wesner<\/p>\n","protected":false},"author":4,"featured_media":105161,"comment_status":"closed","ping_status":"closed","sticky":false,"template":"","format":"standard","meta":{"_jetpack_memberships_contains_paid_content":false,"footnotes":""},"categories":[4,1],"tags":[],"class_list":["post-109997","post","type-post","status-publish","format-standard","has-post-thumbnail","hentry","category-politica","category-portada"],"jetpack_featured_media_url":"https:\/\/i0.wp.com\/cdnoticias.com\/wp-content\/uploads\/2023\/12\/asuncion-wesner11-scaled.jpg?fit=2560%2C1440&ssl=1","jetpack_sharing_enabled":true,"_links":{"self":[{"href":"https:\/\/cdnoticias.com\/index.php\/wp-json\/wp\/v2\/posts\/109997","targetHints":{"allow":["GET"]}}],"collection":[{"href":"https:\/\/cdnoticias.com\/index.php\/wp-json\/wp\/v2\/posts"}],"about":[{"href":"https:\/\/cdnoticias.com\/index.php\/wp-json\/wp\/v2\/types\/post"}],"author":[{"embeddable":true,"href":"https:\/\/cdnoticias.com\/index.php\/wp-json\/wp\/v2\/users\/4"}],"replies":[{"embeddable":true,"href":"https:\/\/cdnoticias.com\/index.php\/wp-json\/wp\/v2\/comments?post=109997"}],"version-history":[{"count":0,"href":"https:\/\/cdnoticias.com\/index.php\/wp-json\/wp\/v2\/posts\/109997\/revisions"}],"wp:featuredmedia":[{"embeddable":true,"href":"https:\/\/cdnoticias.com\/index.php\/wp-json\/wp\/v2\/media\/105161"}],"wp:attachment":[{"href":"https:\/\/cdnoticias.com\/index.php\/wp-json\/wp\/v2\/media?parent=109997"}],"wp:term":[{"taxonomy":"category","embeddable":true,"href":"https:\/\/cdnoticias.com\/index.php\/wp-json\/wp\/v2\/categories?post=109997"},{"taxonomy":"post_tag","embeddable":true,"href":"https:\/\/cdnoticias.com\/index.php\/wp-json\/wp\/v2\/tags?post=109997"}],"curies":[{"name":"wp","href":"https:\/\/api.w.org\/{rel}","templated":true}]}}