{"id":109950,"date":"2024-02-28T20:09:49","date_gmt":"2024-02-28T23:09:49","guid":{"rendered":"https:\/\/cdnoticias.com\/?p=109950"},"modified":"2024-02-29T08:27:24","modified_gmt":"2024-02-29T11:27:24","slug":"alerta-a-muy-corto-plazo-para-olavarria-por-tormentas-fuertes","status":"publish","type":"post","link":"https:\/\/cdnoticias.com\/index.php\/2024\/02\/28\/alerta-a-muy-corto-plazo-para-olavarria-por-tormentas-fuertes\/","title":{"rendered":"Alerta \u201ca muy corto plazo\u201d para Olavarr\u00eda por tormentas fuertes"},"content":{"rendered":"\n<p>El Servicio Meteorol\u00f3gico Nacional notific\u00f3 de esta alerta desde las 19:00 horas de este mi\u00e9rcoles.<\/p>\n\n\n\n<hr class=\"wp-block-separator aligncenter has-alpha-channel-opacity\"\/>\n\n\n\n<p>Este mi\u00e9rcoles, <strong>el Servicio Meteorol\u00f3gico Nacional emiti\u00f3 un \u201calerta a muy corto plazo\u201d por fuertes tormentas para Olavarr\u00eda y la regi\u00f3n.<\/strong><\/p>\n\n\n\n<p>Seg\u00fan se logr\u00f3 saber, el aviso incluye las localidades de Coronel Su\u00e1rez, La Madrid y Laprida por <em><strong>\u201ctormentas fuertes con lluvias intensas, r\u00e1fagas y ca\u00edda de granizo\u201d.<\/strong><\/em><\/p>\n\n\n\n<p><strong>Para el jueves, se prev\u00e9 que las lluvias se mantengan hasta la ma\u00f1ana y por la tarde el tiempo comenzar\u00eda a mejorar<\/strong>. La m\u00e1xima est\u00e1 estipulada en 27 grados.<\/p>\n\n\n\n<p>Luego, <strong>el viernes tendr\u00e1 tiempo inestable y posibles lluvias por la noche con un fin de semana con m\u00e1ximas de entre 26 y 29 grados.<\/strong><\/p>\n","protected":false},"excerpt":{"rendered":"<p>El Servicio Meteorol\u00f3gico Nacional notific\u00f3 de esta alerta desde las 19:00 horas de este mi\u00e9rcoles. Este mi\u00e9rcoles, el Servicio Meteorol\u00f3gico<\/p>\n","protected":false},"author":2,"featured_media":108167,"comment_status":"closed","ping_status":"closed","sticky":false,"template":"","format":"standard","meta":{"_jetpack_memberships_contains_paid_content":false,"footnotes":""},"categories":[5,1],"tags":[],"class_list":["post-109950","post","type-post","status-publish","format-standard","has-post-thumbnail","hentry","category-informacion-general","category-portada"],"jetpack_featured_media_url":"https:\/\/i0.wp.com\/cdnoticias.com\/wp-content\/uploads\/2024\/02\/lluvia-tiempo-clima-01.jpg?fit=800%2C445&ssl=1","jetpack_sharing_enabled":true,"_links":{"self":[{"href":"https:\/\/cdnoticias.com\/index.php\/wp-json\/wp\/v2\/posts\/109950","targetHints":{"allow":["GET"]}}],"collection":[{"href":"https:\/\/cdnoticias.com\/index.php\/wp-json\/wp\/v2\/posts"}],"about":[{"href":"https:\/\/cdnoticias.com\/index.php\/wp-json\/wp\/v2\/types\/post"}],"author":[{"embeddable":true,"href":"https:\/\/cdnoticias.com\/index.php\/wp-json\/wp\/v2\/users\/2"}],"replies":[{"embeddable":true,"href":"https:\/\/cdnoticias.com\/index.php\/wp-json\/wp\/v2\/comments?post=109950"}],"version-history":[{"count":0,"href":"https:\/\/cdnoticias.com\/index.php\/wp-json\/wp\/v2\/posts\/109950\/revisions"}],"wp:featuredmedia":[{"embeddable":true,"href":"https:\/\/cdnoticias.com\/index.php\/wp-json\/wp\/v2\/media\/108167"}],"wp:attachment":[{"href":"https:\/\/cdnoticias.com\/index.php\/wp-json\/wp\/v2\/media?parent=109950"}],"wp:term":[{"taxonomy":"category","embeddable":true,"href":"https:\/\/cdnoticias.com\/index.php\/wp-json\/wp\/v2\/categories?post=109950"},{"taxonomy":"post_tag","embeddable":true,"href":"https:\/\/cdnoticias.com\/index.php\/wp-json\/wp\/v2\/tags?post=109950"}],"curies":[{"name":"wp","href":"https:\/\/api.w.org\/{rel}","templated":true}]}}