{"id":109936,"date":"2024-02-28T20:00:35","date_gmt":"2024-02-28T23:00:35","guid":{"rendered":"https:\/\/cdnoticias.com\/?p=109936"},"modified":"2024-02-28T20:00:38","modified_gmt":"2024-02-28T23:00:38","slug":"wesner-encabezo-el-acto-de-inicio-de-clases-en-la-escuela-de-policia-juan-vucetich","status":"publish","type":"post","link":"https:\/\/cdnoticias.com\/index.php\/2024\/02\/28\/wesner-encabezo-el-acto-de-inicio-de-clases-en-la-escuela-de-policia-juan-vucetich\/","title":{"rendered":"Wesner encabez\u00f3 el acto de inicio de clases en la Escuela de Polic\u00eda Juan Vucetich"},"content":{"rendered":"\n<p>En una reuni\u00f3n de trabajo se enfatiz\u00f3 sobre situaci\u00f3n en materia de seguridad y prevenci\u00f3n tanto de nuestra ciudad como de la Provincia.<\/p>\n\n\n\n<hr class=\"wp-block-separator aligncenter has-alpha-channel-opacity\"\/>\n\n\n\n<p>En la ma\u00f1ana de este mi\u00e9rcoles <strong>el intendente Maximiliano Wesner<\/strong> recibi\u00f3 a funcionarios del Ministerio de Seguridad de la Provincia de Buenos Aires, con quienes comparti\u00f3 una agenda de actividades que incluy\u00f3 una reuni\u00f3n de trabajo en el Palacio Municipal y una recorrida del <strong>Polo Educativo \u201cJuan Vucetich\u201d <\/strong>que funciona en el <strong>Cerro Fortabat de la localidad de Loma Negra.<\/strong><\/p>\n\n\n\n<p><\/p>\n\n\n\n<p>Junto a Gonzalo Garc\u00eda, vicerrector del Instituto Universitario Juan Vucetich, y Mart\u00edn Meza, Director Provincial de Formaci\u00f3n, Capacitaci\u00f3n y Evaluaci\u00f3n del Ministerio de Seguridad bonaerense, <strong>el jefe comunal comparti\u00f3 una reuni\u00f3n de trabajo, <\/strong>de la que tambi\u00e9n fueron parte la Jefa de Gabinete Mercedes Land\u00edvar y el subsecretario de Protecci\u00f3n Ciudadana El\u00edas Quintas.<\/p>\n\n\n\n<p><\/p>\n\n\n\n<blockquote class=\"wp-block-quote is-layout-flow wp-block-quote-is-layout-flow\">\n<p>Dialogaron acerca de la situaci\u00f3n en materia de seguridad y prevenci\u00f3n tanto de nuestra ciudad como de la Provincia. En la ocasi\u00f3n se avanz\u00f3 acerca de la importancia de desplegar acciones conjuntas y coordinadas en pos de la comunidad.<\/p>\n<\/blockquote>\n\n\n\n<p><\/p>\n\n\n\n<p>En ese marco, se destac\u00f3 tambi\u00e9n la trascendencia de Olavarr\u00eda como distrito en la regi\u00f3n y el aspecto distintivo de poseer un Centro de Formaci\u00f3n y de Especializaci\u00f3n como lo es el Polo Educativo \u201cJuan Vucetich\u201d donde esta ma\u00f1ana <strong>iniciaron un nuevo ciclo lectivo m\u00e1s de 400 postulantes.<\/strong><\/p>\n\n\n\n<p><\/p>\n\n\n\n<figure class=\"wp-block-image aligncenter size-full\"><img data-recalc-dims=\"1\" loading=\"lazy\" decoding=\"async\" width=\"800\" height=\"502\" src=\"https:\/\/i0.wp.com\/cdnoticias.com\/wp-content\/uploads\/2024\/02\/wenser-policia-escuela.png?resize=800%2C502&#038;ssl=1\" alt=\"\" class=\"wp-image-109937\" srcset=\"https:\/\/i0.wp.com\/cdnoticias.com\/wp-content\/uploads\/2024\/02\/wenser-policia-escuela.png?w=996&amp;ssl=1 996w, https:\/\/i0.wp.com\/cdnoticias.com\/wp-content\/uploads\/2024\/02\/wenser-policia-escuela.png?resize=300%2C188&amp;ssl=1 300w, https:\/\/i0.wp.com\/cdnoticias.com\/wp-content\/uploads\/2024\/02\/wenser-policia-escuela.png?resize=768%2C482&amp;ssl=1 768w\" sizes=\"auto, (max-width: 800px) 100vw, 800px\" \/><\/figure>\n\n\n\n<p><\/p>\n\n\n\n<p>Wesner y los funcionarios provinciales encabezaron el acto protocolar junto al jefe del Polo Educativo comisario inspector Marcelo Saraceno, el director de la Escuela de Polic\u00eda comisario C\u00e9sar Parodi y el subdirector subcomisario Guillermo Bareiro.<\/p>\n\n\n\n<p><\/p>\n\n\n\n<p>Se recuerda al respecto que ese predio cuenta con la Escuela de Polic\u00eda Juan Vucetich, el Centro de Altos Estudios en Especialidades Policiales y un Centro de Entrenamiento.<\/p>\n\n\n\n<p><\/p>\n\n\n\n<p>En ese marco Wesner dirigi\u00f3 palabras de bienvenida y reconocimiento a los m\u00e1s de 400 postulantes que inician su camino, como as\u00ed tambi\u00e9n a los trabajadores y formadores del lugar.<\/p>\n\n\n\n<p><\/p>\n\n\n\n<p><em>\u201cHace muy poco me toc\u00f3 participar, en este mismo lugar, del acto de egreso de los primeros egresados de la escuela de Polic\u00eda Rural, mil efectivos. Tambi\u00e9n estuve en la entrega de patrulleros para el Comando de Patrulla Rural, y en la entrega de recursos que destina la Provincia de Buenos Aires, a trav\u00e9s del sistema de drones, del sistema de aeronaves no tripulables. Es una Escuela de excelencia, la tenemos en el Partido de Olavarr\u00eda y hoy los abraza, para que puedan dar el puntapi\u00e9 inicial en su formaci\u00f3n\u201d<\/em> dijo el jefe comunal.<\/p>\n\n\n\n<p><\/p>\n\n\n\n<figure class=\"wp-block-image aligncenter size-full\"><img data-recalc-dims=\"1\" loading=\"lazy\" decoding=\"async\" width=\"800\" height=\"532\" src=\"https:\/\/i0.wp.com\/cdnoticias.com\/wp-content\/uploads\/2024\/02\/wesner-policias2.jpg?resize=800%2C532&#038;ssl=1\" alt=\"\" class=\"wp-image-109938\" srcset=\"https:\/\/i0.wp.com\/cdnoticias.com\/wp-content\/uploads\/2024\/02\/wesner-policias2.jpg?w=1000&amp;ssl=1 1000w, https:\/\/i0.wp.com\/cdnoticias.com\/wp-content\/uploads\/2024\/02\/wesner-policias2.jpg?resize=300%2C200&amp;ssl=1 300w, https:\/\/i0.wp.com\/cdnoticias.com\/wp-content\/uploads\/2024\/02\/wesner-policias2.jpg?resize=768%2C511&amp;ssl=1 768w, https:\/\/i0.wp.com\/cdnoticias.com\/wp-content\/uploads\/2024\/02\/wesner-policias2.jpg?resize=272%2C182&amp;ssl=1 272w\" sizes=\"auto, (max-width: 800px) 100vw, 800px\" \/><\/figure>\n\n\n\n<p><\/p>\n\n\n\n<p>En este sentido, agreg\u00f3 que \u201c<strong><em>esto no es un curso, esto es el inicio de la trayectoria de 30 a\u00f1os de formaci\u00f3n que van a tener por delante, esto es el inicio de la formaci\u00f3n dentro de la Polic\u00eda Bonaerense, que va a continuar con la oferta acad\u00e9mica que tiene la Universidad que puso a disposici\u00f3n la Provincia para que ustedes se puedan formar de manera continua\u201d.<\/em><\/strong><\/p>\n\n\n\n<p><\/p>\n\n\n\n<blockquote class=\"wp-block-quote is-layout-flow wp-block-quote-is-layout-flow\">\n<p>\u201cEste es el inicio del trabajo conjunto que vamos a recorrer entre este Municipio y la Provincia de Buenos Aires. Por eso es importante la articulaci\u00f3n, por eso es importante conocernos y que conozcan la pol\u00edtica preventiva que adoptamos tambi\u00e9n desde el Municipio en materia de seguridad, en materia de protecci\u00f3n ciudadana\u201d.<\/p>\n<\/blockquote>\n\n\n\n<p><\/p>\n\n\n\n<p>Por \u00faltimo, enfatiz\u00f3 \u201cmis felicitaciones para todos ustedes por tomar esta decisi\u00f3n de formar parte de la Fuerza desde hoy, porque la Fuerza comienza con la capacitaci\u00f3n, no s\u00f3lo a partir de ponerse el uniforme. Por eso es importante esta postulaci\u00f3n, as\u00ed como tambi\u00e9n todas las etapas que transiten desde ac\u00e1\u201d.<\/p>\n\n\n\n<p><\/p>\n\n\n\n<p>\u201cLa decisi\u00f3n que han tomado es loable, no s\u00f3lo a nivel personal, tambi\u00e9n hay una familia que los acompa\u00f1a, que los apoya, y es la familia la que realmente necesita que se la proteja desde la prevenci\u00f3n, por eso me comprometo a trabajar de manera conjunta con todos ustedes. Por eso estoy hoy ac\u00e1, no s\u00f3lo para darles la bienvenida\u201d, concluy\u00f3 Wesner.<\/p>\n","protected":false},"excerpt":{"rendered":"<p>En una reuni\u00f3n de trabajo se enfatiz\u00f3 sobre situaci\u00f3n en materia de seguridad y prevenci\u00f3n tanto de nuestra ciudad como<\/p>\n","protected":false},"author":6,"featured_media":109939,"comment_status":"closed","ping_status":"closed","sticky":false,"template":"","format":"standard","meta":{"_jetpack_memberships_contains_paid_content":false,"footnotes":""},"categories":[5,1],"tags":[],"class_list":["post-109936","post","type-post","status-publish","format-standard","has-post-thumbnail","hentry","category-informacion-general","category-portada"],"jetpack_featured_media_url":"https:\/\/i0.wp.com\/cdnoticias.com\/wp-content\/uploads\/2024\/02\/wesner-escuela-policia.png?fit=996%2C600&ssl=1","jetpack_sharing_enabled":true,"_links":{"self":[{"href":"https:\/\/cdnoticias.com\/index.php\/wp-json\/wp\/v2\/posts\/109936","targetHints":{"allow":["GET"]}}],"collection":[{"href":"https:\/\/cdnoticias.com\/index.php\/wp-json\/wp\/v2\/posts"}],"about":[{"href":"https:\/\/cdnoticias.com\/index.php\/wp-json\/wp\/v2\/types\/post"}],"author":[{"embeddable":true,"href":"https:\/\/cdnoticias.com\/index.php\/wp-json\/wp\/v2\/users\/6"}],"replies":[{"embeddable":true,"href":"https:\/\/cdnoticias.com\/index.php\/wp-json\/wp\/v2\/comments?post=109936"}],"version-history":[{"count":0,"href":"https:\/\/cdnoticias.com\/index.php\/wp-json\/wp\/v2\/posts\/109936\/revisions"}],"wp:featuredmedia":[{"embeddable":true,"href":"https:\/\/cdnoticias.com\/index.php\/wp-json\/wp\/v2\/media\/109939"}],"wp:attachment":[{"href":"https:\/\/cdnoticias.com\/index.php\/wp-json\/wp\/v2\/media?parent=109936"}],"wp:term":[{"taxonomy":"category","embeddable":true,"href":"https:\/\/cdnoticias.com\/index.php\/wp-json\/wp\/v2\/categories?post=109936"},{"taxonomy":"post_tag","embeddable":true,"href":"https:\/\/cdnoticias.com\/index.php\/wp-json\/wp\/v2\/tags?post=109936"}],"curies":[{"name":"wp","href":"https:\/\/api.w.org\/{rel}","templated":true}]}}