{"id":109844,"date":"2024-02-28T17:30:27","date_gmt":"2024-02-28T20:30:27","guid":{"rendered":"https:\/\/cdnoticias.com\/?p=109844"},"modified":"2024-02-28T17:30:29","modified_gmt":"2024-02-28T20:30:29","slug":"conoce-las-diversas-propuestas-del-centro-juvenil-olavarria","status":"publish","type":"post","link":"https:\/\/cdnoticias.com\/index.php\/2024\/02\/28\/conoce-las-diversas-propuestas-del-centro-juvenil-olavarria\/","title":{"rendered":"Conoc\u00e9 las diversas propuestas del Centro Juvenil Olavarr\u00eda"},"content":{"rendered":"\n<p>Ya comenz\u00f3 la inscripci\u00f3n destinada a juventudes y adolescencias que podr\u00e1n participar de diferentes talleres. \u00a0<\/p>\n\n\n\n<hr class=\"wp-block-separator aligncenter has-alpha-channel-opacity\"\/>\n\n\n\n<p>Se encuentra abierta la <strong>inscripci\u00f3n para el Centro Juvenil Olavarr\u00eda,<\/strong> un &#8220;espacio de formaci\u00f3n y participaci\u00f3n para las juventudes que <strong>busca potenciar las expresiones art\u00edsticas<\/strong> a trav\u00e9s de diferentes talleres con el objetivo de<strong> promover la cultura urbana <\/strong>y garantizar el acceso igualitario para todas las juventudes y adolescencias&#8221;.<\/p>\n\n\n\n<p><\/p>\n\n\n\n<p>El Centro Juvenil La Cantera de Talentos J\u00f3venes y Adolescentes, es coordinado por j\u00f3venes que tienen una vinculaci\u00f3n directa con los interesados y son referentes en las expresiones que llevan adelante en sus propuestas, de <strong>forma libre y gratuita.<\/strong><\/p>\n\n\n\n<p><\/p>\n\n\n\n<p class=\"has-medium-font-size\"><strong>Talleres<\/strong><\/p>\n\n\n\n<p>\u2022 Skate: mi\u00e9rcoles de 16 a 19 horas en el Skatepark ubicado en V\u00e9lez Sarsfield y Maip\u00fa. A cargo de Santiago Ram\u00edrez.<\/p>\n\n\n\n<p>\u2022 Freestyle: jueves de 16 a 19 horas en la Sociedad de Fomento de Villa Mailin ubicada en Pelegrino y Corrientes. A cargo de Xabier Arag\u00f3n (Kress).<\/p>\n\n\n\n<p>\u2022 Freestyle: viernes de 15 a 18 horas, en la Casa del Bicentenario ubicada en Bol\u00edvar y Riobamba. A cargo de Kress.<\/p>\n\n\n\n<p>\u2022 Skate: s\u00e1bados de 15 a 18 horas en el Barrio Jard\u00edn (De\u00e1n Funes y avenida Trabajadores). A cargo de Santiago Vallejos.<\/p>\n\n\n\n<p><\/p>\n\n\n\n<p>Las personas interesadas se pueden anotar a trav\u00e9s del <strong>formulario online <\/strong>al que se accede haciendo<a href=\"https:\/\/docs.google.com\/forms\/d\/e\/1FAIpQLSfnagYKyD44ipa-O9EOE19q2kzGxHL8ZDYvWB-4bH3XY1DYTA\/viewform\" target=\"_blank\" rel=\"noreferrer noopener\"> click aqu\u00ed<\/a> o para m\u00e1s informaci\u00f3n al Instagram <a href=\"https:\/\/www.instagram.com\/lacantera___\/\" target=\"_blank\" rel=\"noreferrer noopener\">@lacantera__<\/a><\/p>\n","protected":false},"excerpt":{"rendered":"<p>Ya comenz\u00f3 la inscripci\u00f3n destinada a juventudes y adolescencias que podr\u00e1n participar de diferentes talleres. \u00a0 Se encuentra abierta la<\/p>\n","protected":false},"author":6,"featured_media":109845,"comment_status":"closed","ping_status":"closed","sticky":false,"template":"","format":"standard","meta":{"_jetpack_memberships_contains_paid_content":false,"footnotes":""},"categories":[9,1],"tags":[],"class_list":["post-109844","post","type-post","status-publish","format-standard","has-post-thumbnail","hentry","category-cultura","category-portada"],"jetpack_featured_media_url":"https:\/\/i0.wp.com\/cdnoticias.com\/wp-content\/uploads\/2024\/02\/centro-juvenil-la-cantera.jpg?fit=1000%2C562&ssl=1","jetpack_sharing_enabled":true,"_links":{"self":[{"href":"https:\/\/cdnoticias.com\/index.php\/wp-json\/wp\/v2\/posts\/109844","targetHints":{"allow":["GET"]}}],"collection":[{"href":"https:\/\/cdnoticias.com\/index.php\/wp-json\/wp\/v2\/posts"}],"about":[{"href":"https:\/\/cdnoticias.com\/index.php\/wp-json\/wp\/v2\/types\/post"}],"author":[{"embeddable":true,"href":"https:\/\/cdnoticias.com\/index.php\/wp-json\/wp\/v2\/users\/6"}],"replies":[{"embeddable":true,"href":"https:\/\/cdnoticias.com\/index.php\/wp-json\/wp\/v2\/comments?post=109844"}],"version-history":[{"count":0,"href":"https:\/\/cdnoticias.com\/index.php\/wp-json\/wp\/v2\/posts\/109844\/revisions"}],"wp:featuredmedia":[{"embeddable":true,"href":"https:\/\/cdnoticias.com\/index.php\/wp-json\/wp\/v2\/media\/109845"}],"wp:attachment":[{"href":"https:\/\/cdnoticias.com\/index.php\/wp-json\/wp\/v2\/media?parent=109844"}],"wp:term":[{"taxonomy":"category","embeddable":true,"href":"https:\/\/cdnoticias.com\/index.php\/wp-json\/wp\/v2\/categories?post=109844"},{"taxonomy":"post_tag","embeddable":true,"href":"https:\/\/cdnoticias.com\/index.php\/wp-json\/wp\/v2\/tags?post=109844"}],"curies":[{"name":"wp","href":"https:\/\/api.w.org\/{rel}","templated":true}]}}