{"id":109811,"date":"2024-02-27T13:21:07","date_gmt":"2024-02-27T16:21:07","guid":{"rendered":"https:\/\/cdnoticias.com\/?p=109811"},"modified":"2024-02-27T17:02:51","modified_gmt":"2024-02-27T20:02:51","slug":"crece-la-demanda-de-alimentos-olavarria-y-se-profundiza-el-reclamo-a-nacion","status":"publish","type":"post","link":"https:\/\/cdnoticias.com\/index.php\/2024\/02\/27\/crece-la-demanda-de-alimentos-olavarria-y-se-profundiza-el-reclamo-a-nacion\/","title":{"rendered":"Crece la demanda de alimentos en Olavarr\u00eda y se profundiza el reclamo a Naci\u00f3n"},"content":{"rendered":"<p>En el marco de una colecta a nivel nacional con r\u00e9plica en nuestra ciudad integrantes del Polo Obrero y referentes de comedores barriales hablaron con Central de Noticias y describieron la situaci\u00f3n que atraviesan.<!--more--><\/p>\n<hr \/>\n<p><strong>Agust\u00edn Mestralet, dirigente del Polo Obrero y Mara Romero y Mar\u00eda Luisa Far\u00edas<\/strong>, vecinas que sostienen un comedor y merendero popular en el barrio Coronel Dorrego, hablaron con <em>Central de Noticias<\/em> en el marco de una jornada nacional solidaria para recolectar alimentos, \u00fatiles escolares y ropa.<\/p>\n<p>Describieron las principales necesidades que se registran en los barrios y la organizaci\u00f3n para que las familias<strong> \u201ctengan un plato de comida\u201d<\/strong>. Se acercan m\u00e1s ni\u00f1os y ni\u00f1as a los comedores y adultos que van \u201ccon verg\u00fcenza\u201d a pedir asistencia porque<strong> \u201cestaban trabajando bien y no les alcanza para llegar a fin de mes\u201d.<\/strong><\/p>\n<blockquote><p>La colecta comenz\u00f3 esta ma\u00f1ana y se retomar\u00e1 durante la tarde en el horario de 17:00 a 20:00. Solicitan alimentos no perecederos, \u00fatiles escolares, indumentaria y zapatillas.<\/p><\/blockquote>\n<figure id=\"attachment_109806\" aria-describedby=\"caption-attachment-109806\" style=\"width: 1000px\" class=\"wp-caption alignnone\"><img data-recalc-dims=\"1\" loading=\"lazy\" decoding=\"async\" class=\"size-full wp-image-109806\" src=\"https:\/\/i0.wp.com\/cdnoticias.com\/wp-content\/uploads\/2024\/02\/colecta-de-utiles-y-comedores-05.jpg?resize=800%2C445&#038;ssl=1\" alt=\"\" width=\"800\" height=\"445\" srcset=\"https:\/\/i0.wp.com\/cdnoticias.com\/wp-content\/uploads\/2024\/02\/colecta-de-utiles-y-comedores-05.jpg?w=1000&amp;ssl=1 1000w, https:\/\/i0.wp.com\/cdnoticias.com\/wp-content\/uploads\/2024\/02\/colecta-de-utiles-y-comedores-05.jpg?resize=300%2C167&amp;ssl=1 300w, https:\/\/i0.wp.com\/cdnoticias.com\/wp-content\/uploads\/2024\/02\/colecta-de-utiles-y-comedores-05.jpg?resize=768%2C427&amp;ssl=1 768w, https:\/\/i0.wp.com\/cdnoticias.com\/wp-content\/uploads\/2024\/02\/colecta-de-utiles-y-comedores-05.jpg?resize=800%2C445&amp;ssl=1 800w\" sizes=\"auto, (max-width: 800px) 100vw, 800px\" \/><figcaption id=\"caption-attachment-109806\" class=\"wp-caption-text\">Este martes se llevar\u00e1 a cabo una gran jornada solidaria en distintos puntos del pa\u00eds bajo la consigna \u201cNo al cierre de los comedores populares\u201d.<\/figcaption><\/figure>\n<p>\u201cNuestra idea era visibilizar cuestiones por las que venimos luchando muy fuerte que es que hace <strong>ya tres meses el gobierno nacinoal no nos manda un solo kilo de mercader\u00eda<\/strong> de lo que era Desarrollo Social, ahora Capital Humano. No ha llegado nada absolutamente y eso ha puesto en jaque a los comedores y a los merenderos\u201d, resalt\u00f3 Agust\u00edn Mestralet.<\/p>\n<p>Y continu\u00f3: \u201c<strong>en una situaci\u00f3n de crisis tan grave como la que estamos viviendo el pueblo solo salva al pueblo.<\/strong> Estamos alentando a que vecinos y vecinas de Olavarr\u00eda solidarios acerquen lo que puedan donar, lo que se pueda recolectar para que esto ayude a que familias tengan un plato de comida y tengan con que empezar las clases\u201d.<\/p>\n<p>El dirigente del Polo Obrero detall\u00f3 que est\u00e1n trabajando en<strong> cinco comedores y merenderos:<\/strong> \u201cestamos en el barrio Dorrego, en el barrio Lourdes, en el barrio Nicol\u00e1s de Avellaneda, en Pringles Sur, en el Hip\u00f3lito Yrigoyen, donde ya ten\u00edamos n\u00facleos, asambleas de vecinos organizadas en el Polo Obrero, de compa\u00f1eras y compa\u00f1eros que son los que sostienen el ir a buscar las donaciones, el preparar la comida y la merienda, el distribuirla, el v\u00ednculo con el barrio\u201d.<\/p>\n<figure id=\"attachment_109803\" aria-describedby=\"caption-attachment-109803\" style=\"width: 1000px\" class=\"wp-caption alignnone\"><img data-recalc-dims=\"1\" loading=\"lazy\" decoding=\"async\" class=\"size-full wp-image-109803\" src=\"https:\/\/i0.wp.com\/cdnoticias.com\/wp-content\/uploads\/2024\/02\/colecta-de-utiles-y-comedores-02.jpg?resize=800%2C445&#038;ssl=1\" alt=\"\" width=\"800\" height=\"445\" srcset=\"https:\/\/i0.wp.com\/cdnoticias.com\/wp-content\/uploads\/2024\/02\/colecta-de-utiles-y-comedores-02.jpg?w=1000&amp;ssl=1 1000w, https:\/\/i0.wp.com\/cdnoticias.com\/wp-content\/uploads\/2024\/02\/colecta-de-utiles-y-comedores-02.jpg?resize=300%2C167&amp;ssl=1 300w, https:\/\/i0.wp.com\/cdnoticias.com\/wp-content\/uploads\/2024\/02\/colecta-de-utiles-y-comedores-02.jpg?resize=768%2C427&amp;ssl=1 768w, https:\/\/i0.wp.com\/cdnoticias.com\/wp-content\/uploads\/2024\/02\/colecta-de-utiles-y-comedores-02.jpg?resize=800%2C445&amp;ssl=1 800w\" sizes=\"auto, (max-width: 800px) 100vw, 800px\" \/><figcaption id=\"caption-attachment-109803\" class=\"wp-caption-text\">Agust\u00edn Mestralet &#8211; dirigente del Polo Obrero.<\/figcaption><\/figure>\n<p><strong>\u201cLa inflaci\u00f3n ha devorado los salarios en blanco y mucho m\u00e1s los que viven de una changa o los que se han quedado sin empleo en este \u00faltimo tiempo.<\/strong> Toda esta situaci\u00f3n est\u00e1 repercutiendo gravemente en los barrios, se agudiza la crisis social y las necesidades tambi\u00e9n. Vamos viendo que hay una mayor demanda de vecinos que se acercan al comedor, muchas veces porque perdieron el laburo y entonces para darle de comer a sus hijos necesitan de esa ayuda\u201d, describi\u00f3 Mestralet.<\/p>\n<h2>\u201cA las criaturas les falta comida, les falta la ropa, les falta la higiene\u201d<\/h2>\n<p><strong>Mara y Mar\u00eda Luisa<\/strong> relataron la situaci\u00f3n que viven todos los d\u00edas al momento de sostener el comedor y el merendero que funciona en el barrio Coronel Dorrego.<\/p>\n<blockquote><p>\u201cEst\u00e1 bravo, hay muchos chicos. Las criaturas son las que llevan las de perder todo el tiempo. A las criaturas les falta la comida, les falta la ropa, les falta la higiene porque en la casa no llegan comprar esos productos\u201d, se\u00f1alan las vecinas.<\/p><\/blockquote>\n<figure id=\"attachment_109804\" aria-describedby=\"caption-attachment-109804\" style=\"width: 1000px\" class=\"wp-caption alignnone\"><img data-recalc-dims=\"1\" loading=\"lazy\" decoding=\"async\" class=\"size-full wp-image-109804\" src=\"https:\/\/i0.wp.com\/cdnoticias.com\/wp-content\/uploads\/2024\/02\/colecta-de-utiles-y-comedores-03.jpg?resize=800%2C445&#038;ssl=1\" alt=\"\" width=\"800\" height=\"445\" srcset=\"https:\/\/i0.wp.com\/cdnoticias.com\/wp-content\/uploads\/2024\/02\/colecta-de-utiles-y-comedores-03.jpg?w=1000&amp;ssl=1 1000w, https:\/\/i0.wp.com\/cdnoticias.com\/wp-content\/uploads\/2024\/02\/colecta-de-utiles-y-comedores-03.jpg?resize=300%2C167&amp;ssl=1 300w, https:\/\/i0.wp.com\/cdnoticias.com\/wp-content\/uploads\/2024\/02\/colecta-de-utiles-y-comedores-03.jpg?resize=768%2C427&amp;ssl=1 768w, https:\/\/i0.wp.com\/cdnoticias.com\/wp-content\/uploads\/2024\/02\/colecta-de-utiles-y-comedores-03.jpg?resize=800%2C445&amp;ssl=1 800w\" sizes=\"auto, (max-width: 800px) 100vw, 800px\" \/><figcaption id=\"caption-attachment-109804\" class=\"wp-caption-text\">Mara Romero y Mar\u00eda Luisa Far\u00edas llevan adelante el comedor y merendero de barrio Coronel Dorrego.<\/figcaption><\/figure>\n<p>\u201c<strong>Los lunes, mi\u00e9rcoles, jueves y viernes se hace comida y merienda.<\/strong> Los martes estamos abiertos porque hacemos las asambleas y juntamos ah\u00ed para poder cocinar una semana. El Municipio est\u00e1 colaborando, pero necesitamos muchas cosas\u201d, se\u00f1al\u00f3 Mar\u00eda Luisa.<\/p>\n<p>\u201c<strong>Hay veces que en vez de hacerme para m\u00ed cocino para los nenes.<\/strong> Yo estuve una semana sin nada en mi casa, pero los nenes tuvieron su comida en el comedor\u201d, relat\u00f3 Mar\u00eda Luisa y agreg\u00f3: \u201c<strong>se acerca m\u00e1s gente, a veces me da cosa decirles que no tengo para darles \u00bfentend\u00e9s?<\/strong> Son 70 nenes, antes eran 60 pero ahora van m\u00e1s. Hay mucha gente adulta que dice que le da verg\u00fcenza venir, porque es gente que estaba trabajando bien y no le alcanza para llegar a fin de mes\u201d.<\/p>\n","protected":false},"excerpt":{"rendered":"<p>En el marco de una colecta a nivel nacional con r\u00e9plica en nuestra ciudad integrantes del Polo Obrero y referentes<\/p>\n","protected":false},"author":2,"featured_media":109802,"comment_status":"closed","ping_status":"closed","sticky":false,"template":"","format":"standard","meta":{"_jetpack_memberships_contains_paid_content":false,"footnotes":""},"categories":[5,1],"tags":[],"class_list":["post-109811","post","type-post","status-publish","format-standard","has-post-thumbnail","hentry","category-informacion-general","category-portada"],"jetpack_featured_media_url":"https:\/\/i0.wp.com\/cdnoticias.com\/wp-content\/uploads\/2024\/02\/colecta-de-utiles-y-comedores-01.jpg?fit=1000%2C556&ssl=1","jetpack_sharing_enabled":true,"_links":{"self":[{"href":"https:\/\/cdnoticias.com\/index.php\/wp-json\/wp\/v2\/posts\/109811","targetHints":{"allow":["GET"]}}],"collection":[{"href":"https:\/\/cdnoticias.com\/index.php\/wp-json\/wp\/v2\/posts"}],"about":[{"href":"https:\/\/cdnoticias.com\/index.php\/wp-json\/wp\/v2\/types\/post"}],"author":[{"embeddable":true,"href":"https:\/\/cdnoticias.com\/index.php\/wp-json\/wp\/v2\/users\/2"}],"replies":[{"embeddable":true,"href":"https:\/\/cdnoticias.com\/index.php\/wp-json\/wp\/v2\/comments?post=109811"}],"version-history":[{"count":0,"href":"https:\/\/cdnoticias.com\/index.php\/wp-json\/wp\/v2\/posts\/109811\/revisions"}],"wp:featuredmedia":[{"embeddable":true,"href":"https:\/\/cdnoticias.com\/index.php\/wp-json\/wp\/v2\/media\/109802"}],"wp:attachment":[{"href":"https:\/\/cdnoticias.com\/index.php\/wp-json\/wp\/v2\/media?parent=109811"}],"wp:term":[{"taxonomy":"category","embeddable":true,"href":"https:\/\/cdnoticias.com\/index.php\/wp-json\/wp\/v2\/categories?post=109811"},{"taxonomy":"post_tag","embeddable":true,"href":"https:\/\/cdnoticias.com\/index.php\/wp-json\/wp\/v2\/tags?post=109811"}],"curies":[{"name":"wp","href":"https:\/\/api.w.org\/{rel}","templated":true}]}}