{"id":109792,"date":"2024-02-27T12:18:15","date_gmt":"2024-02-27T15:18:15","guid":{"rendered":"https:\/\/cdnoticias.com\/?p=109792"},"modified":"2024-02-27T14:11:43","modified_gmt":"2024-02-27T17:11:43","slug":"en-medio-del-conflicto-con-el-stmo-lo-profesionales-de-salud-tendran-asamblea","status":"publish","type":"post","link":"https:\/\/cdnoticias.com\/index.php\/2024\/02\/27\/en-medio-del-conflicto-con-el-stmo-lo-profesionales-de-salud-tendran-asamblea\/","title":{"rendered":"En medio del conflicto con el STMO, los profesionales de salud tendr\u00e1n asamblea"},"content":{"rendered":"<p>Desde la Asociaci\u00f3n de Profesionales de Olavarr\u00eda se comunic\u00f3 que se har\u00e1 el jueves. All\u00ed sentar\u00e1n postura sobre lo sucedido.<\/p>\n<p><!--more--><\/p>\n<hr \/>\n<p>En el contexto de <a href=\"https:\/\/cdnoticias.com\/index.php\/2024\/02\/27\/paritarias-de-municipales-en-la-plata-cruce-de-aclaraciones-por-la-presencia-de-dos-medicas\/\" target=\"_blank\" rel=\"noopener\">profundizaci\u00f3n de diferencias<\/a> con el Sindicato de Trabajadores Municipales, <strong>la Asociaci\u00f3n de Profesionales de Olavarr\u00eda convoc\u00f3 a asamblea<\/strong>.<\/p>\n<p>Ante las consultas por lo sucedido en La Plata este lunes en la audiencia del Ministerio de Trabajo de la provincia, se dej\u00f3 saber que <strong>el jueves tendr\u00e1 lugar una asamblea de la agrupaci\u00f3n<\/strong> que integran los <strong>profesionales de la salud<\/strong>.<\/p>\n<p>Se indic\u00f3 que all\u00ed sentar\u00e1n postura sobre lo sucedido y que, posteriormente, <strong>se emitir\u00e1 un comunicado<\/strong>.<\/p>\n<p>Las m\u00e9dicas <strong>Alejandra Capriata y Silvia de la Torre<\/strong>\u00a0estuvieron este lunes en la <strong>sede del Ministerio de Trabajo en la capital bonaerense<\/strong> donde <strong>buscaron formar parte de la audiencia<\/strong> convocada para continuar la negociaci\u00f3n paritaria con el dictado de la <a href=\"https:\/\/cdnoticias.com\/index.php\/2024\/02\/22\/el-sindicato-de-municipales-acatara-la-conciliacion-obligatoria-en-el-ministerio-de-trabajo\/\" target=\"_blank\" rel=\"noopener\">conciliaci\u00f3n obligatoria<\/a>.<\/p>\n<p><strong>El STMO hizo hincapi\u00e9 en que no fue habilitado su ingreso a la audiencia<\/strong>. Las m\u00e9dicas se presentaron a trav\u00e9s del<strong> sindicato Cicop<\/strong>, que nuclea a trabajadores de la salud con personer\u00eda gremial provincial, pero <strong>en Olavarr\u00eda no tiene reconocimiento en el \u00e1mbito municipal<\/strong>.<\/p>\n<p><strong>Su llegada a La Plata fue objeto de cruce entre la instituci\u00f3n que conduce Jos\u00e9 Stuppia y el Municipio<\/strong>: mientras desde el STMO se afirm\u00f3 que hab\u00edan sido \u201cinvitadas por el intendente Maximiliano Wesner\u201d, tal versi\u00f3n fue rechazada desde el Palacio San Mart\u00edn.<\/p>\n","protected":false},"excerpt":{"rendered":"<p>Desde la Asociaci\u00f3n de Profesionales de Olavarr\u00eda se comunic\u00f3 que se har\u00e1 el jueves. All\u00ed sentar\u00e1n postura sobre lo sucedido.<\/p>\n","protected":false},"author":4,"featured_media":109789,"comment_status":"closed","ping_status":"closed","sticky":false,"template":"","format":"standard","meta":{"_jetpack_memberships_contains_paid_content":false,"footnotes":""},"categories":[5,1],"tags":[],"class_list":["post-109792","post","type-post","status-publish","format-standard","has-post-thumbnail","hentry","category-informacion-general","category-portada"],"jetpack_featured_media_url":"https:\/\/i0.wp.com\/cdnoticias.com\/wp-content\/uploads\/2024\/02\/capriata-delatorre.jpg?fit=800%2C445&ssl=1","jetpack_sharing_enabled":true,"_links":{"self":[{"href":"https:\/\/cdnoticias.com\/index.php\/wp-json\/wp\/v2\/posts\/109792","targetHints":{"allow":["GET"]}}],"collection":[{"href":"https:\/\/cdnoticias.com\/index.php\/wp-json\/wp\/v2\/posts"}],"about":[{"href":"https:\/\/cdnoticias.com\/index.php\/wp-json\/wp\/v2\/types\/post"}],"author":[{"embeddable":true,"href":"https:\/\/cdnoticias.com\/index.php\/wp-json\/wp\/v2\/users\/4"}],"replies":[{"embeddable":true,"href":"https:\/\/cdnoticias.com\/index.php\/wp-json\/wp\/v2\/comments?post=109792"}],"version-history":[{"count":0,"href":"https:\/\/cdnoticias.com\/index.php\/wp-json\/wp\/v2\/posts\/109792\/revisions"}],"wp:featuredmedia":[{"embeddable":true,"href":"https:\/\/cdnoticias.com\/index.php\/wp-json\/wp\/v2\/media\/109789"}],"wp:attachment":[{"href":"https:\/\/cdnoticias.com\/index.php\/wp-json\/wp\/v2\/media?parent=109792"}],"wp:term":[{"taxonomy":"category","embeddable":true,"href":"https:\/\/cdnoticias.com\/index.php\/wp-json\/wp\/v2\/categories?post=109792"},{"taxonomy":"post_tag","embeddable":true,"href":"https:\/\/cdnoticias.com\/index.php\/wp-json\/wp\/v2\/tags?post=109792"}],"curies":[{"name":"wp","href":"https:\/\/api.w.org\/{rel}","templated":true}]}}